{"id":15332,"date":"2020-05-05T16:29:14","date_gmt":"2020-05-05T16:29:14","guid":{"rendered":"https:\/\/kerenphotography.com\/inicio\/?p=15332"},"modified":"2020-05-05T16:36:16","modified_gmt":"2020-05-05T16:36:16","slug":"monica-y-jonathan","status":"publish","type":"post","link":"https:\/\/kerenphotography.com\/inicio\/monica-y-jonathan\/","title":{"rendered":"M\u00f3nica y Jonathan"},"content":{"rendered":"\n<p>Fotos: Keren Photography<\/p>\n\n\n\n<p>Coordinaci\u00f3n: Damaris Torres Perfect Events<\/p>\n\n\n\n<p>Venue: Club Nautico de San Juan<\/p>\n\n\n\n<p>Decoraci\u00f3n:  Gadiel Valent\u00edn SIOD<\/p>\n\n\n\n<p><\/p>\n\n\n\n<figure class=\"wp-block-gallery columns-1 is-cropped wp-block-gallery-1 is-layout-flex wp-block-gallery-is-layout-flex\"><ul class=\"blocks-gallery-grid\"><li class=\"blocks-gallery-item\"><figure><img decoding=\"async\" width=\"745\" height=\"1024\" data-src=\"https:\/\/kerenphotography.com\/inicio\/wp-content\/uploads\/2020\/05\/Boda-en-Club-Nautico-de-San-Juan-Keren-Photography-4-2-745x1024.jpg\" alt=\"\" data-id=\"15344\" data-link=\"https:\/\/kerenphotography.com\/inicio\/?attachment_id=15344\" class=\"wp-image-15344 lazyload\" data-srcset=\"https:\/\/kerenphotography.com\/inicio\/wp-content\/uploads\/2020\/05\/Boda-en-Club-Nautico-de-San-Juan-Keren-Photography-4-2-745x1024.jpg 745w, https:\/\/kerenphotography.com\/inicio\/wp-content\/uploads\/2020\/05\/Boda-en-Club-Nautico-de-San-Juan-Keren-Photography-4-2-218x300.jpg 218w, https:\/\/kerenphotography.com\/inicio\/wp-content\/uploads\/2020\/05\/Boda-en-Club-Nautico-de-San-Juan-Keren-Photography-4-2-768x1055.jpg 768w, https:\/\/kerenphotography.com\/inicio\/wp-content\/uploads\/2020\/05\/Boda-en-Club-Nautico-de-San-Juan-Keren-Photography-4-2-1118x1536.jpg 1118w, https:\/\/kerenphotography.com\/inicio\/wp-content\/uploads\/2020\/05\/Boda-en-Club-Nautico-de-San-Juan-Keren-Photography-4-2-1491x2048.jpg 1491w, https:\/\/kerenphotography.com\/inicio\/wp-content\/uploads\/2020\/05\/Boda-en-Club-Nautico-de-San-Juan-Keren-Photography-4-2-250x344.jpg 250w, https:\/\/kerenphotography.com\/inicio\/wp-content\/uploads\/2020\/05\/Boda-en-Club-Nautico-de-San-Juan-Keren-Photography-4-2-550x756.jpg 550w, https:\/\/kerenphotography.com\/inicio\/wp-content\/uploads\/2020\/05\/Boda-en-Club-Nautico-de-San-Juan-Keren-Photography-4-2-800x1099.jpg 800w, https:\/\/kerenphotography.com\/inicio\/wp-content\/uploads\/2020\/05\/Boda-en-Club-Nautico-de-San-Juan-Keren-Photography-4-2-131x180.jpg 131w, https:\/\/kerenphotography.com\/inicio\/wp-content\/uploads\/2020\/05\/Boda-en-Club-Nautico-de-San-Juan-Keren-Photography-4-2-364x500.jpg 364w, https:\/\/kerenphotography.com\/inicio\/wp-content\/uploads\/2020\/05\/Boda-en-Club-Nautico-de-San-Juan-Keren-Photography-4-2-scaled.jpg 1456w\" data-sizes=\"(max-width: 745px) 100vw, 745px\" src=\"data:image\/gif;base64,R0lGODlhAQABAAAAACH5BAEKAAEALAAAAAABAAEAAAICTAEAOw==\" style=\"--smush-placeholder-width: 745px; --smush-placeholder-aspect-ratio: 745\/1024;\" \/><\/figure><\/li><li class=\"blocks-gallery-item\"><figure><img decoding=\"async\" width=\"744\" height=\"1024\" data-src=\"https:\/\/kerenphotography.com\/inicio\/wp-content\/uploads\/2020\/05\/Boda-en-Club-Nautico-de-San-Juan-Keren-Photography-10-2-744x1024.jpg\" alt=\"\" data-id=\"15359\" data-link=\"https:\/\/kerenphotography.com\/inicio\/?attachment_id=15359\" class=\"wp-image-15359 lazyload\" data-srcset=\"https:\/\/kerenphotography.com\/inicio\/wp-content\/uploads\/2020\/05\/Boda-en-Club-Nautico-de-San-Juan-Keren-Photography-10-2-744x1024.jpg 744w, https:\/\/kerenphotography.com\/inicio\/wp-content\/uploads\/2020\/05\/Boda-en-Club-Nautico-de-San-Juan-Keren-Photography-10-2-218x300.jpg 218w, https:\/\/kerenphotography.com\/inicio\/wp-content\/uploads\/2020\/05\/Boda-en-Club-Nautico-de-San-Juan-Keren-Photography-10-2-768x1056.jpg 768w, https:\/\/kerenphotography.com\/inicio\/wp-content\/uploads\/2020\/05\/Boda-en-Club-Nautico-de-San-Juan-Keren-Photography-10-2-1117x1536.jpg 1117w, https:\/\/kerenphotography.com\/inicio\/wp-content\/uploads\/2020\/05\/Boda-en-Club-Nautico-de-San-Juan-Keren-Photography-10-2-1489x2048.jpg 1489w, https:\/\/kerenphotography.com\/inicio\/wp-content\/uploads\/2020\/05\/Boda-en-Club-Nautico-de-San-Juan-Keren-Photography-10-2-250x344.jpg 250w, https:\/\/kerenphotography.com\/inicio\/wp-content\/uploads\/2020\/05\/Boda-en-Club-Nautico-de-San-Juan-Keren-Photography-10-2-550x757.jpg 550w, https:\/\/kerenphotography.com\/inicio\/wp-content\/uploads\/2020\/05\/Boda-en-Club-Nautico-de-San-Juan-Keren-Photography-10-2-800x1100.jpg 800w, https:\/\/kerenphotography.com\/inicio\/wp-content\/uploads\/2020\/05\/Boda-en-Club-Nautico-de-San-Juan-Keren-Photography-10-2-131x180.jpg 131w, https:\/\/kerenphotography.com\/inicio\/wp-content\/uploads\/2020\/05\/Boda-en-Club-Nautico-de-San-Juan-Keren-Photography-10-2-363x500.jpg 363w, https:\/\/kerenphotography.com\/inicio\/wp-content\/uploads\/2020\/05\/Boda-en-Club-Nautico-de-San-Juan-Keren-Photography-10-2-scaled.jpg 1454w\" data-sizes=\"(max-width: 744px) 100vw, 744px\" src=\"data:image\/gif;base64,R0lGODlhAQABAAAAACH5BAEKAAEALAAAAAABAAEAAAICTAEAOw==\" style=\"--smush-placeholder-width: 744px; --smush-placeholder-aspect-ratio: 744\/1024;\" \/><\/figure><\/li><li class=\"blocks-gallery-item\"><figure><img decoding=\"async\" width=\"1024\" height=\"842\" data-src=\"https:\/\/kerenphotography.com\/inicio\/wp-content\/uploads\/2020\/05\/Boda-en-Club-Nautico-de-San-Juan-Keren-Photography-2-2-1024x842.jpg\" alt=\"\" data-id=\"15360\" data-full-url=\"https:\/\/kerenphotography.com\/inicio\/wp-content\/uploads\/2020\/05\/Boda-en-Club-Nautico-de-San-Juan-Keren-Photography-2-2-scaled.jpg\" data-link=\"https:\/\/kerenphotography.com\/inicio\/?attachment_id=15360\" class=\"wp-image-15360 lazyload\" data-srcset=\"https:\/\/kerenphotography.com\/inicio\/wp-content\/uploads\/2020\/05\/Boda-en-Club-Nautico-de-San-Juan-Keren-Photography-2-2-1024x842.jpg 1024w, https:\/\/kerenphotography.com\/inicio\/wp-content\/uploads\/2020\/05\/Boda-en-Club-Nautico-de-San-Juan-Keren-Photography-2-2-300x247.jpg 300w, https:\/\/kerenphotography.com\/inicio\/wp-content\/uploads\/2020\/05\/Boda-en-Club-Nautico-de-San-Juan-Keren-Photography-2-2-768x631.jpg 768w, https:\/\/kerenphotography.com\/inicio\/wp-content\/uploads\/2020\/05\/Boda-en-Club-Nautico-de-San-Juan-Keren-Photography-2-2-1536x1263.jpg 1536w, https:\/\/kerenphotography.com\/inicio\/wp-content\/uploads\/2020\/05\/Boda-en-Club-Nautico-de-San-Juan-Keren-Photography-2-2-2048x1683.jpg 2048w, https:\/\/kerenphotography.com\/inicio\/wp-content\/uploads\/2020\/05\/Boda-en-Club-Nautico-de-San-Juan-Keren-Photography-2-2-250x206.jpg 250w, https:\/\/kerenphotography.com\/inicio\/wp-content\/uploads\/2020\/05\/Boda-en-Club-Nautico-de-San-Juan-Keren-Photography-2-2-550x452.jpg 550w, https:\/\/kerenphotography.com\/inicio\/wp-content\/uploads\/2020\/05\/Boda-en-Club-Nautico-de-San-Juan-Keren-Photography-2-2-800x658.jpg 800w, https:\/\/kerenphotography.com\/inicio\/wp-content\/uploads\/2020\/05\/Boda-en-Club-Nautico-de-San-Juan-Keren-Photography-2-2-219x180.jpg 219w, https:\/\/kerenphotography.com\/inicio\/wp-content\/uploads\/2020\/05\/Boda-en-Club-Nautico-de-San-Juan-Keren-Photography-2-2-365x300.jpg 365w, https:\/\/kerenphotography.com\/inicio\/wp-content\/uploads\/2020\/05\/Boda-en-Club-Nautico-de-San-Juan-Keren-Photography-2-2-608x500.jpg 608w, https:\/\/kerenphotography.com\/inicio\/wp-content\/uploads\/2020\/05\/Boda-en-Club-Nautico-de-San-Juan-Keren-Photography-2-2-scaled.jpg 2000w\" data-sizes=\"(max-width: 1024px) 100vw, 1024px\" src=\"data:image\/gif;base64,R0lGODlhAQABAAAAACH5BAEKAAEALAAAAAABAAEAAAICTAEAOw==\" style=\"--smush-placeholder-width: 1024px; --smush-placeholder-aspect-ratio: 1024\/842;\" \/><\/figure><\/li><li class=\"blocks-gallery-item\"><figure><img decoding=\"async\" width=\"1024\" height=\"772\" data-src=\"https:\/\/kerenphotography.com\/inicio\/wp-content\/uploads\/2020\/05\/Boda-en-Club-Nautico-de-San-Juan-Keren-Photography-8-3-1024x772.jpg\" alt=\"\" data-id=\"15365\" data-full-url=\"https:\/\/kerenphotography.com\/inicio\/wp-content\/uploads\/2020\/05\/Boda-en-Club-Nautico-de-San-Juan-Keren-Photography-8-3-scaled.jpg\" data-link=\"https:\/\/kerenphotography.com\/inicio\/?attachment_id=15365\" class=\"wp-image-15365 lazyload\" data-srcset=\"https:\/\/kerenphotography.com\/inicio\/wp-content\/uploads\/2020\/05\/Boda-en-Club-Nautico-de-San-Juan-Keren-Photography-8-3-1024x772.jpg 1024w, https:\/\/kerenphotography.com\/inicio\/wp-content\/uploads\/2020\/05\/Boda-en-Club-Nautico-de-San-Juan-Keren-Photography-8-3-300x226.jpg 300w, https:\/\/kerenphotography.com\/inicio\/wp-content\/uploads\/2020\/05\/Boda-en-Club-Nautico-de-San-Juan-Keren-Photography-8-3-768x579.jpg 768w, https:\/\/kerenphotography.com\/inicio\/wp-content\/uploads\/2020\/05\/Boda-en-Club-Nautico-de-San-Juan-Keren-Photography-8-3-1536x1158.jpg 1536w, https:\/\/kerenphotography.com\/inicio\/wp-content\/uploads\/2020\/05\/Boda-en-Club-Nautico-de-San-Juan-Keren-Photography-8-3-2048x1543.jpg 2048w, https:\/\/kerenphotography.com\/inicio\/wp-content\/uploads\/2020\/05\/Boda-en-Club-Nautico-de-San-Juan-Keren-Photography-8-3-250x188.jpg 250w, https:\/\/kerenphotography.com\/inicio\/wp-content\/uploads\/2020\/05\/Boda-en-Club-Nautico-de-San-Juan-Keren-Photography-8-3-550x414.jpg 550w, https:\/\/kerenphotography.com\/inicio\/wp-content\/uploads\/2020\/05\/Boda-en-Club-Nautico-de-San-Juan-Keren-Photography-8-3-800x603.jpg 800w, https:\/\/kerenphotography.com\/inicio\/wp-content\/uploads\/2020\/05\/Boda-en-Club-Nautico-de-San-Juan-Keren-Photography-8-3-239x180.jpg 239w, https:\/\/kerenphotography.com\/inicio\/wp-content\/uploads\/2020\/05\/Boda-en-Club-Nautico-de-San-Juan-Keren-Photography-8-3-398x300.jpg 398w, https:\/\/kerenphotography.com\/inicio\/wp-content\/uploads\/2020\/05\/Boda-en-Club-Nautico-de-San-Juan-Keren-Photography-8-3-663x500.jpg 663w, https:\/\/kerenphotography.com\/inicio\/wp-content\/uploads\/2020\/05\/Boda-en-Club-Nautico-de-San-Juan-Keren-Photography-8-3-scaled.jpg 2000w\" data-sizes=\"(max-width: 1024px) 100vw, 1024px\" src=\"data:image\/gif;base64,R0lGODlhAQABAAAAACH5BAEKAAEALAAAAAABAAEAAAICTAEAOw==\" style=\"--smush-placeholder-width: 1024px; --smush-placeholder-aspect-ratio: 1024\/772;\" \/><\/figure><\/li><\/ul><\/figure>\n\n\n\n<p><\/p>\n","protected":false},"excerpt":{"rendered":"<p>Fotos: Keren Photography Coordinaci\u00f3n: Damaris Torres Perfect Events Venue: Club Nautico de San Juan Decoraci\u00f3n: Gadiel Valent\u00edn SIOD<\/p>\n","protected":false},"author":1,"featured_media":15370,"comment_status":"open","ping_status":"open","sticky":false,"template":"","format":"standard","meta":{"footnotes":""},"categories":[1],"tags":[],"class_list":["post-15332","post","type-post","status-publish","format-standard","has-post-thumbnail","hentry","category-uncategorized"],"_links":{"self":[{"href":"https:\/\/kerenphotography.com\/inicio\/wp-json\/wp\/v2\/posts\/15332","targetHints":{"allow":["GET"]}}],"collection":[{"href":"https:\/\/kerenphotography.com\/inicio\/wp-json\/wp\/v2\/posts"}],"about":[{"href":"https:\/\/kerenphotography.com\/inicio\/wp-json\/wp\/v2\/types\/post"}],"author":[{"embeddable":true,"href":"https:\/\/kerenphotography.com\/inicio\/wp-json\/wp\/v2\/users\/1"}],"replies":[{"embeddable":true,"href":"https:\/\/kerenphotography.com\/inicio\/wp-json\/wp\/v2\/comments?post=15332"}],"version-history":[{"count":3,"href":"https:\/\/kerenphotography.com\/inicio\/wp-json\/wp\/v2\/posts\/15332\/revisions"}],"predecessor-version":[{"id":15395,"href":"https:\/\/kerenphotography.com\/inicio\/wp-json\/wp\/v2\/posts\/15332\/revisions\/15395"}],"wp:featuredmedia":[{"embeddable":true,"href":"https:\/\/kerenphotography.com\/inicio\/wp-json\/wp\/v2\/media\/15370"}],"wp:attachment":[{"href":"https:\/\/kerenphotography.com\/inicio\/wp-json\/wp\/v2\/media?parent=15332"}],"wp:term":[{"taxonomy":"category","embeddable":true,"href":"https:\/\/kerenphotography.com\/inicio\/wp-json\/wp\/v2\/categories?post=15332"},{"taxonomy":"post_tag","embeddable":true,"href":"https:\/\/kerenphotography.com\/inicio\/wp-json\/wp\/v2\/tags?post=15332"}],"curies":[{"name":"wp","href":"https:\/\/api.w.org\/{rel}","templated":true}]}}