{"id":14680,"date":"2017-08-19T10:01:16","date_gmt":"2017-08-19T14:01:16","guid":{"rendered":"http:\/\/www.kerenphotography.com\/site\/?p=14680"},"modified":"2020-04-10T02:28:49","modified_gmt":"2020-04-10T02:28:49","slug":"boda-en-casa-de-espana-karolyn-y-jose","status":"publish","type":"post","link":"https:\/\/kerenphotography.com\/inicio\/boda-en-casa-de-espana-karolyn-y-jose\/","title":{"rendered":"Boda en Casa de Espa\u00f1a Karolyn y Jos\u00e9"},"content":{"rendered":"<p>Boda en Casa de Espa\u00f1a<\/p>\n<p>La esencia de la fotograf\u00eda de bodas es capturar la emoci\u00f3n y detalles del momento.&nbsp;&nbsp; Tuve el honor de hacer las fotos del enlace matrimonial de Karolyn y Jos\u00e9 una pareja encantadora.&nbsp; La boda estuvo perfectamente coordinada por Tatiana Ramos Mia Eventos&nbsp;en el hermoso y rom\u00e1ntico Casa de Espa\u00f1a. &nbsp;Qued\u00e9 encantada con la decoraci\u00f3n y colores de la misma realizada por los expertos en decoraci\u00f3n Siod by Gadiel. Les presento un peque\u00f1o preview de este d\u00eda tan especial lleno de mil risas y miradas enamoradas.<\/p>\n<p>Disfruten las im\u00e1genes,<\/p>\n<p>Keren<\/p>\n<p>Coordinaci\u00f3n: Tatiana Ramos Mia Eventos<\/p>\n<p>Decoraci\u00f3n:&nbsp;&nbsp;Siod Gadiel Valent\u00edn<\/p>\n<p>Venue: Casa de Espa\u00f1a<\/p>\n<p>Video: Alexavier<\/p>\n<p>Fotos: Keren Photography<\/p>\n<p>Bizcocho: Vanessa Caro<\/p>\n<p><img decoding=\"async\" class=\"aligncenter size-full wp-image-14681 lazyload\" data-src=\"http:\/\/www.kerenphotography.com\/site\/wp-content\/uploads\/2017\/08\/Boda-en-Casa-de-Espa\u00f1a-1.jpg\" alt=\"Boda en Casa de Espa\u00f1a 1\" width=\"960\" height=\"639\" src=\"data:image\/gif;base64,R0lGODlhAQABAAAAACH5BAEKAAEALAAAAAABAAEAAAICTAEAOw==\" style=\"--smush-placeholder-width: 960px; --smush-placeholder-aspect-ratio: 960\/639;\"> <img decoding=\"async\" class=\"aligncenter size-full wp-image-14682 lazyload\" data-src=\"http:\/\/www.kerenphotography.com\/site\/wp-content\/uploads\/2017\/08\/Boda-en-Casa-de-Espa\u00f1a-2.jpg\" alt=\"Boda en Casa de Espa\u00f1a 2\" width=\"960\" height=\"717\" src=\"data:image\/gif;base64,R0lGODlhAQABAAAAACH5BAEKAAEALAAAAAABAAEAAAICTAEAOw==\" style=\"--smush-placeholder-width: 960px; --smush-placeholder-aspect-ratio: 960\/717;\"> <img decoding=\"async\" class=\"aligncenter wp-image-14683 size-full lazyload\" data-src=\"http:\/\/www.kerenphotography.com\/site\/wp-content\/uploads\/2017\/08\/Boda-en-Casa-de-Espa\u00f1a-4.jpg\" alt=\"Boda en Casa de Espa\u00f1a 4\" width=\"960\" height=\"1436\" src=\"data:image\/gif;base64,R0lGODlhAQABAAAAACH5BAEKAAEALAAAAAABAAEAAAICTAEAOw==\" style=\"--smush-placeholder-width: 960px; --smush-placeholder-aspect-ratio: 960\/1436;\"> <img decoding=\"async\" class=\"aligncenter size-full wp-image-14684 lazyload\" data-src=\"http:\/\/www.kerenphotography.com\/site\/wp-content\/uploads\/2017\/08\/Boda-en-Casa-de-Espa\u00f1a-5.jpg\" alt=\"Boda en Casa de Espa\u00f1a 5\" width=\"960\" height=\"717\" src=\"data:image\/gif;base64,R0lGODlhAQABAAAAACH5BAEKAAEALAAAAAABAAEAAAICTAEAOw==\" style=\"--smush-placeholder-width: 960px; --smush-placeholder-aspect-ratio: 960\/717;\"><img decoding=\"async\" class=\"aligncenter size-full wp-image-14685 lazyload\" data-src=\"http:\/\/www.kerenphotography.com\/site\/wp-content\/uploads\/2017\/08\/Boda-en-Casa-de-Espa\u00f1a-6.jpg\" alt=\"Boda en Casa de Espa\u00f1a 6\" width=\"960\" height=\"357\" src=\"data:image\/gif;base64,R0lGODlhAQABAAAAACH5BAEKAAEALAAAAAABAAEAAAICTAEAOw==\" style=\"--smush-placeholder-width: 960px; --smush-placeholder-aspect-ratio: 960\/357;\"><img decoding=\"async\" class=\"aligncenter size-full wp-image-14704 lazyload\" data-src=\"http:\/\/www.kerenphotography.com\/site\/wp-content\/uploads\/2017\/08\/Boda-en-Casa-de-Espa\u00f1a-29.jpg\" alt=\"Boda en Casa de Espa\u00f1a 29\" width=\"960\" height=\"639\" src=\"data:image\/gif;base64,R0lGODlhAQABAAAAACH5BAEKAAEALAAAAAABAAEAAAICTAEAOw==\" style=\"--smush-placeholder-width: 960px; --smush-placeholder-aspect-ratio: 960\/639;\"><img decoding=\"async\" class=\"aligncenter size-full wp-image-14686 lazyload\" data-src=\"http:\/\/www.kerenphotography.com\/site\/wp-content\/uploads\/2017\/08\/Boda-en-Casa-de-Espa\u00f1a-7.jpg\" alt=\"Boda en Casa de Espa\u00f1a 7\" width=\"960\" height=\"319\" src=\"data:image\/gif;base64,R0lGODlhAQABAAAAACH5BAEKAAEALAAAAAABAAEAAAICTAEAOw==\" style=\"--smush-placeholder-width: 960px; --smush-placeholder-aspect-ratio: 960\/319;\"> <img decoding=\"async\" class=\"aligncenter wp-image-14687 size-full lazyload\" data-src=\"http:\/\/www.kerenphotography.com\/site\/wp-content\/uploads\/2017\/08\/Boda-en-Casa-de-Espa\u00f1a-8.jpg\" alt=\"Boda en Casa de Espa\u00f1a 8\" width=\"960\" height=\"2156\" src=\"data:image\/gif;base64,R0lGODlhAQABAAAAACH5BAEKAAEALAAAAAABAAEAAAICTAEAOw==\" style=\"--smush-placeholder-width: 960px; --smush-placeholder-aspect-ratio: 960\/2156;\"> <img decoding=\"async\" class=\"aligncenter size-full wp-image-14688 lazyload\" data-src=\"http:\/\/www.kerenphotography.com\/site\/wp-content\/uploads\/2017\/08\/Boda-en-Casa-de-Espa\u00f1a-9.jpg\" alt=\"Boda en Casa de Espa\u00f1a 9\" width=\"960\" height=\"477\" src=\"data:image\/gif;base64,R0lGODlhAQABAAAAACH5BAEKAAEALAAAAAABAAEAAAICTAEAOw==\" style=\"--smush-placeholder-width: 960px; --smush-placeholder-aspect-ratio: 960\/477;\"> <img decoding=\"async\" class=\"aligncenter size-full wp-image-14689 lazyload\" data-src=\"http:\/\/www.kerenphotography.com\/site\/wp-content\/uploads\/2017\/08\/Boda-en-Casa-de-Espa\u00f1a-10.jpg\" alt=\"Boda en Casa de Espa\u00f1a 10\" width=\"960\" height=\"639\" src=\"data:image\/gif;base64,R0lGODlhAQABAAAAACH5BAEKAAEALAAAAAABAAEAAAICTAEAOw==\" style=\"--smush-placeholder-width: 960px; --smush-placeholder-aspect-ratio: 960\/639;\"> <img decoding=\"async\" class=\"aligncenter size-full wp-image-14690 lazyload\" data-src=\"http:\/\/www.kerenphotography.com\/site\/wp-content\/uploads\/2017\/08\/Boda-en-Casa-de-Espa\u00f1a-11.jpg\" alt=\"Boda en Casa de Espa\u00f1a 11\" width=\"960\" height=\"319\" src=\"data:image\/gif;base64,R0lGODlhAQABAAAAACH5BAEKAAEALAAAAAABAAEAAAICTAEAOw==\" style=\"--smush-placeholder-width: 960px; --smush-placeholder-aspect-ratio: 960\/319;\"> <img decoding=\"async\" class=\"aligncenter wp-image-14692 size-full lazyload\" data-src=\"http:\/\/www.kerenphotography.com\/site\/wp-content\/uploads\/2017\/08\/Boda-en-Casa-de-Espa\u00f1a-13.jpg\" alt=\"Boda en Casa de Espa\u00f1a 13\" width=\"960\" height=\"1436\" src=\"data:image\/gif;base64,R0lGODlhAQABAAAAACH5BAEKAAEALAAAAAABAAEAAAICTAEAOw==\" style=\"--smush-placeholder-width: 960px; --smush-placeholder-aspect-ratio: 960\/1436;\"> <img decoding=\"async\" class=\"aligncenter size-full wp-image-14693 lazyload\" data-src=\"http:\/\/www.kerenphotography.com\/site\/wp-content\/uploads\/2017\/08\/Boda-en-Casa-de-Espa\u00f1a-14.jpg\" alt=\"Boda en Casa de Espa\u00f1a 14\" width=\"960\" height=\"641\" src=\"data:image\/gif;base64,R0lGODlhAQABAAAAACH5BAEKAAEALAAAAAABAAEAAAICTAEAOw==\" style=\"--smush-placeholder-width: 960px; --smush-placeholder-aspect-ratio: 960\/641;\"> <img decoding=\"async\" class=\"aligncenter size-full wp-image-14694 lazyload\" data-src=\"http:\/\/www.kerenphotography.com\/site\/wp-content\/uploads\/2017\/08\/Boda-en-Casa-de-Espa\u00f1a-15.jpg\" alt=\"Boda en Casa de Espa\u00f1a 15\" width=\"960\" height=\"639\" src=\"data:image\/gif;base64,R0lGODlhAQABAAAAACH5BAEKAAEALAAAAAABAAEAAAICTAEAOw==\" style=\"--smush-placeholder-width: 960px; --smush-placeholder-aspect-ratio: 960\/639;\"> <img decoding=\"async\" class=\"aligncenter size-full wp-image-14695 lazyload\" data-src=\"http:\/\/www.kerenphotography.com\/site\/wp-content\/uploads\/2017\/08\/Boda-en-Casa-de-Espa\u00f1a-16.jpg\" alt=\"Boda en Casa de Espa\u00f1a 16\" width=\"960\" height=\"639\" src=\"data:image\/gif;base64,R0lGODlhAQABAAAAACH5BAEKAAEALAAAAAABAAEAAAICTAEAOw==\" style=\"--smush-placeholder-width: 960px; --smush-placeholder-aspect-ratio: 960\/639;\"> <img decoding=\"async\" class=\"aligncenter size-full wp-image-14696 lazyload\" data-src=\"http:\/\/www.kerenphotography.com\/site\/wp-content\/uploads\/2017\/08\/Boda-en-Casa-de-Espa\u00f1a-17.jpg\" alt=\"Boda en Casa de Espa\u00f1a 17\" width=\"960\" height=\"639\" src=\"data:image\/gif;base64,R0lGODlhAQABAAAAACH5BAEKAAEALAAAAAABAAEAAAICTAEAOw==\" style=\"--smush-placeholder-width: 960px; --smush-placeholder-aspect-ratio: 960\/639;\"> <img decoding=\"async\" class=\"aligncenter wp-image-14697 size-full lazyload\" data-src=\"http:\/\/www.kerenphotography.com\/site\/wp-content\/uploads\/2017\/08\/Boda-en-Casa-de-Espa\u00f1a-18.jpg\" alt=\"Boda en Casa de Espa\u00f1a 18\" width=\"960\" height=\"1436\" src=\"data:image\/gif;base64,R0lGODlhAQABAAAAACH5BAEKAAEALAAAAAABAAEAAAICTAEAOw==\" style=\"--smush-placeholder-width: 960px; --smush-placeholder-aspect-ratio: 960\/1436;\"> <img decoding=\"async\" class=\"aligncenter size-full wp-image-14698 lazyload\" data-src=\"http:\/\/www.kerenphotography.com\/site\/wp-content\/uploads\/2017\/08\/Boda-en-Casa-de-Espa\u00f1a-20.jpg\" alt=\"Boda en Casa de Espa\u00f1a 20\" width=\"960\" height=\"319\" src=\"data:image\/gif;base64,R0lGODlhAQABAAAAACH5BAEKAAEALAAAAAABAAEAAAICTAEAOw==\" style=\"--smush-placeholder-width: 960px; --smush-placeholder-aspect-ratio: 960\/319;\"> <img decoding=\"async\" class=\"aligncenter wp-image-14699 size-full lazyload\" data-src=\"http:\/\/www.kerenphotography.com\/site\/wp-content\/uploads\/2017\/08\/Boda-en-Casa-de-Espa\u00f1a-22.jpg\" alt=\"Boda en Casa de Espa\u00f1a 22\" width=\"960\" height=\"1056\" src=\"data:image\/gif;base64,R0lGODlhAQABAAAAACH5BAEKAAEALAAAAAABAAEAAAICTAEAOw==\" style=\"--smush-placeholder-width: 960px; --smush-placeholder-aspect-ratio: 960\/1056;\"> <img decoding=\"async\" class=\"aligncenter size-full wp-image-14700 lazyload\" data-src=\"http:\/\/www.kerenphotography.com\/site\/wp-content\/uploads\/2017\/08\/Boda-en-Casa-de-Espa\u00f1a-23.jpg\" alt=\"Boda en Casa de Espa\u00f1a 23\" width=\"960\" height=\"639\" src=\"data:image\/gif;base64,R0lGODlhAQABAAAAACH5BAEKAAEALAAAAAABAAEAAAICTAEAOw==\" style=\"--smush-placeholder-width: 960px; --smush-placeholder-aspect-ratio: 960\/639;\"><img decoding=\"async\" class=\"aligncenter wp-image-14701 size-full lazyload\" data-src=\"http:\/\/www.kerenphotography.com\/site\/wp-content\/uploads\/2017\/08\/Boda-en-Casa-de-Espa\u00f1a-25.jpg\" alt=\"Boda en Casa de Espa\u00f1a 25\" width=\"960\" height=\"1405\" src=\"data:image\/gif;base64,R0lGODlhAQABAAAAACH5BAEKAAEALAAAAAABAAEAAAICTAEAOw==\" style=\"--smush-placeholder-width: 960px; --smush-placeholder-aspect-ratio: 960\/1405;\"><\/p>\n<p><img decoding=\"async\" class=\"aligncenter size-full wp-image-14702 lazyload\" data-src=\"http:\/\/www.kerenphotography.com\/site\/wp-content\/uploads\/2017\/08\/Boda-en-Casa-de-Espa\u00f1a-26.jpg\" alt=\"Boda en Casa de Espa\u00f1a 26\" width=\"960\" height=\"639\" src=\"data:image\/gif;base64,R0lGODlhAQABAAAAACH5BAEKAAEALAAAAAABAAEAAAICTAEAOw==\" style=\"--smush-placeholder-width: 960px; --smush-placeholder-aspect-ratio: 960\/639;\"><img decoding=\"async\" class=\"aligncenter wp-image-14703 size-full lazyload\" data-src=\"http:\/\/www.kerenphotography.com\/site\/wp-content\/uploads\/2017\/08\/Boda-en-Casa-de-Espa\u00f1a-27.jpg\" alt=\"Boda en Casa de Espa\u00f1a 27\" width=\"960\" height=\"1282\" src=\"data:image\/gif;base64,R0lGODlhAQABAAAAACH5BAEKAAEALAAAAAABAAEAAAICTAEAOw==\" style=\"--smush-placeholder-width: 960px; --smush-placeholder-aspect-ratio: 960\/1282;\"><\/p>\n<p>&nbsp;<\/p>\n","protected":false},"excerpt":{"rendered":"<p>Boda en Casa de Espa\u00f1a La esencia de la fotograf\u00eda de bodas es capturar la emoci\u00f3n y detalles del momento.&nbsp;&nbsp; Tuve el honor de hacer las fotos del enlace matrimonial de Karolyn y Jos\u00e9 una pareja encantadora.&nbsp; La boda estuvo perfectamente coordinada por Tatiana Ramos Mia Eventos&nbsp;en el hermoso y rom\u00e1ntico Casa de Espa\u00f1a. &nbsp;Qued\u00e9 [&hellip;]<\/p>\n","protected":false},"author":1,"featured_media":15316,"comment_status":"open","ping_status":"open","sticky":false,"template":"","format":"standard","meta":{"footnotes":""},"categories":[1],"tags":[],"class_list":["post-14680","post","type-post","status-publish","format-standard","has-post-thumbnail","hentry","category-uncategorized"],"_links":{"self":[{"href":"https:\/\/kerenphotography.com\/inicio\/wp-json\/wp\/v2\/posts\/14680","targetHints":{"allow":["GET"]}}],"collection":[{"href":"https:\/\/kerenphotography.com\/inicio\/wp-json\/wp\/v2\/posts"}],"about":[{"href":"https:\/\/kerenphotography.com\/inicio\/wp-json\/wp\/v2\/types\/post"}],"author":[{"embeddable":true,"href":"https:\/\/kerenphotography.com\/inicio\/wp-json\/wp\/v2\/users\/1"}],"replies":[{"embeddable":true,"href":"https:\/\/kerenphotography.com\/inicio\/wp-json\/wp\/v2\/comments?post=14680"}],"version-history":[{"count":1,"href":"https:\/\/kerenphotography.com\/inicio\/wp-json\/wp\/v2\/posts\/14680\/revisions"}],"predecessor-version":[{"id":15317,"href":"https:\/\/kerenphotography.com\/inicio\/wp-json\/wp\/v2\/posts\/14680\/revisions\/15317"}],"wp:featuredmedia":[{"embeddable":true,"href":"https:\/\/kerenphotography.com\/inicio\/wp-json\/wp\/v2\/media\/15316"}],"wp:attachment":[{"href":"https:\/\/kerenphotography.com\/inicio\/wp-json\/wp\/v2\/media?parent=14680"}],"wp:term":[{"taxonomy":"category","embeddable":true,"href":"https:\/\/kerenphotography.com\/inicio\/wp-json\/wp\/v2\/categories?post=14680"},{"taxonomy":"post_tag","embeddable":true,"href":"https:\/\/kerenphotography.com\/inicio\/wp-json\/wp\/v2\/tags?post=14680"}],"curies":[{"name":"wp","href":"https:\/\/api.w.org\/{rel}","templated":true}]}}