{"id":14641,"date":"2017-08-10T13:10:39","date_gmt":"2017-08-10T17:10:39","guid":{"rendered":"http:\/\/www.kerenphotography.com\/site\/?p=14641"},"modified":"2020-04-10T02:28:32","modified_gmt":"2020-04-10T02:28:32","slug":"boda-en-hotel-la-concha","status":"publish","type":"post","link":"https:\/\/kerenphotography.com\/inicio\/boda-en-hotel-la-concha\/","title":{"rendered":"Boda en Hotel La Concha"},"content":{"rendered":"<p>Boda en Hotel La Concha Evelyn y Edwin<\/p>\n<div class=\"\" data-block=\"true\" data-editor=\"976n0\" data-offset-key=\"fp3gd-0-0\">\n<div class=\"_1mf _1mj\" data-offset-key=\"fp3gd-0-0\"><span data-offset-key=\"fp3gd-0-0\"><span data-text=\"true\">Cada boda es \u00fanica, llena de peque\u00f1os momentos llenos de emociones. El momento en que que Evelyn dijo S\u00ed acepto estuvo acompa\u00f1ado de hermosos fuegos artificiales que hicieron de esa noche una m\u00e1gica en el <\/span><\/span><span class=\"_247o\" spellcheck=\"false\" data-offset-key=\"fp3gd-1-0\"><span data-offset-key=\"fp3gd-1-0\"><span data-text=\"true\">La Concha Weddings<\/span><\/span><\/span><span data-offset-key=\"fp3gd-2-0\"><span data-text=\"true\">. &nbsp;Evelyn es muy especial para mi pues he sido la fotografa de su familia por los pasados cuatro a\u00f1os y ser parte de este momento, verla feliz, y hacer sus fotos me llena de mucha emoci\u00f3n. <\/span><\/span><\/div>\n<div class=\"_1mf _1mj\" data-offset-key=\"fp3gd-0-0\"><\/div>\n<div class=\"_1mf _1mj\" data-offset-key=\"fp3gd-0-0\"><span data-offset-key=\"fp3gd-2-0\"><span data-text=\"true\">Les invito a disfrutar las fotos \ud83d\ude09<\/span><\/span><\/div>\n<\/div>\n<div class=\"_1mf _1mj\" data-offset-key=\"fp3gd-0-0\">Keren<\/div>\n<div class=\"\" data-block=\"true\" data-editor=\"976n0\" data-offset-key=\"4fopa-0-0\"><\/div>\n<p>Coordinaci\u00f3n y Decoraci\u00f3n: GS Coordination &amp; Special Event Designer<\/p>\n<p>Fotos: Keren Photography<\/p>\n<p>Video: Memorie Sebastian<\/p>\n<p>Bizcocho: CM Cake Designer<\/p>\n<p>Traje de la Novia: Ecliptica<\/p>\n<p>Etiqueta: Leonardos<\/p>\n<p>Venue: Hotel La Concha<\/p>\n<p>Arreglo de la Novia: Raiza Montes<\/p>\n<p>Letras iluminadas: Dreams Ligth up<\/p>\n<p>Pleneros: Yuvi Plena<\/p>\n<p>Invitaciones: Simply Unique Invitations<\/p>\n<p><img decoding=\"async\" class=\"aligncenter wp-image-14642 size-full lazyload\" data-src=\"http:\/\/www.kerenphotography.com\/site\/wp-content\/uploads\/2017\/08\/Boda-en-Hotel-La-Concha-1.jpg\" alt=\"Boda en Hotel La Concha 1\" width=\"960\" height=\"1436\" src=\"data:image\/gif;base64,R0lGODlhAQABAAAAACH5BAEKAAEALAAAAAABAAEAAAICTAEAOw==\" style=\"--smush-placeholder-width: 960px; --smush-placeholder-aspect-ratio: 960\/1436;\"><img decoding=\"async\" class=\"aligncenter wp-image-14643 size-full lazyload\" data-src=\"http:\/\/www.kerenphotography.com\/site\/wp-content\/uploads\/2017\/08\/Boda-en-Hotel-La-Concha-2.jpg\" alt=\"Boda en Hotel La Concha 2\" width=\"960\" height=\"1436\" src=\"data:image\/gif;base64,R0lGODlhAQABAAAAACH5BAEKAAEALAAAAAABAAEAAAICTAEAOw==\" style=\"--smush-placeholder-width: 960px; --smush-placeholder-aspect-ratio: 960\/1436;\"><img decoding=\"async\" class=\"aligncenter size-full wp-image-14672 lazyload\" data-src=\"http:\/\/www.kerenphotography.com\/site\/wp-content\/uploads\/2017\/08\/Boda-en-Hotel-La-Concha-36.jpg\" alt=\"Boda en Hotel La Concha 36\" width=\"960\" height=\"441\" src=\"data:image\/gif;base64,R0lGODlhAQABAAAAACH5BAEKAAEALAAAAAABAAEAAAICTAEAOw==\" style=\"--smush-placeholder-width: 960px; --smush-placeholder-aspect-ratio: 960\/441;\"><img decoding=\"async\" class=\"aligncenter size-full wp-image-14644 lazyload\" data-src=\"http:\/\/www.kerenphotography.com\/site\/wp-content\/uploads\/2017\/08\/Boda-en-Hotel-La-Concha-3.jpg\" alt=\"Boda en Hotel La Concha 3\" width=\"960\" height=\"477\" src=\"data:image\/gif;base64,R0lGODlhAQABAAAAACH5BAEKAAEALAAAAAABAAEAAAICTAEAOw==\" style=\"--smush-placeholder-width: 960px; --smush-placeholder-aspect-ratio: 960\/477;\"><img decoding=\"async\" class=\"aligncenter size-full wp-image-14645 lazyload\" data-src=\"http:\/\/www.kerenphotography.com\/site\/wp-content\/uploads\/2017\/08\/Boda-en-Hotel-La-Concha-4.jpg\" alt=\"Boda en Hotel La Concha 4\" width=\"960\" height=\"639\" src=\"data:image\/gif;base64,R0lGODlhAQABAAAAACH5BAEKAAEALAAAAAABAAEAAAICTAEAOw==\" style=\"--smush-placeholder-width: 960px; --smush-placeholder-aspect-ratio: 960\/639;\"><img decoding=\"async\" class=\"aligncenter wp-image-14646 size-full lazyload\" data-src=\"http:\/\/www.kerenphotography.com\/site\/wp-content\/uploads\/2017\/08\/Boda-en-Hotel-La-Concha-6.jpg\" alt=\"Boda en Hotel La Concha 6\" width=\"960\" height=\"1282\" src=\"data:image\/gif;base64,R0lGODlhAQABAAAAACH5BAEKAAEALAAAAAABAAEAAAICTAEAOw==\" style=\"--smush-placeholder-width: 960px; --smush-placeholder-aspect-ratio: 960\/1282;\"><img decoding=\"async\" class=\"aligncenter wp-image-14647 size-full lazyload\" data-src=\"http:\/\/www.kerenphotography.com\/site\/wp-content\/uploads\/2017\/08\/Boda-en-Hotel-La-Concha-7.jpg\" alt=\"Boda en Hotel La Concha 7\" width=\"960\" height=\"1436\" src=\"data:image\/gif;base64,R0lGODlhAQABAAAAACH5BAEKAAEALAAAAAABAAEAAAICTAEAOw==\" style=\"--smush-placeholder-width: 960px; --smush-placeholder-aspect-ratio: 960\/1436;\"><img decoding=\"async\" class=\"aligncenter wp-image-14648 size-full lazyload\" data-src=\"http:\/\/www.kerenphotography.com\/site\/wp-content\/uploads\/2017\/08\/Boda-en-Hotel-La-Concha-8.jpg\" alt=\"Boda en Hotel La Concha 8\" width=\"960\" height=\"1436\" src=\"data:image\/gif;base64,R0lGODlhAQABAAAAACH5BAEKAAEALAAAAAABAAEAAAICTAEAOw==\" style=\"--smush-placeholder-width: 960px; --smush-placeholder-aspect-ratio: 960\/1436;\"><img decoding=\"async\" class=\"aligncenter size-full wp-image-14649 lazyload\" data-src=\"http:\/\/www.kerenphotography.com\/site\/wp-content\/uploads\/2017\/08\/Boda-en-Hotel-La-Concha-9.jpg\" alt=\"Boda en Hotel La Concha 9\" width=\"960\" height=\"319\" src=\"data:image\/gif;base64,R0lGODlhAQABAAAAACH5BAEKAAEALAAAAAABAAEAAAICTAEAOw==\" style=\"--smush-placeholder-width: 960px; --smush-placeholder-aspect-ratio: 960\/319;\"><img decoding=\"async\" class=\"aligncenter size-full wp-image-14650 lazyload\" data-src=\"http:\/\/www.kerenphotography.com\/site\/wp-content\/uploads\/2017\/08\/Boda-en-Hotel-La-Concha-10.jpg\" alt=\"Boda en Hotel La Concha 10\" width=\"960\" height=\"639\" src=\"data:image\/gif;base64,R0lGODlhAQABAAAAACH5BAEKAAEALAAAAAABAAEAAAICTAEAOw==\" style=\"--smush-placeholder-width: 960px; --smush-placeholder-aspect-ratio: 960\/639;\"><img decoding=\"async\" class=\"aligncenter size-full wp-image-14651 lazyload\" data-src=\"http:\/\/www.kerenphotography.com\/site\/wp-content\/uploads\/2017\/08\/Boda-en-Hotel-La-Concha-11.jpg\" alt=\"Boda en Hotel La Concha 11\" width=\"960\" height=\"717\" src=\"data:image\/gif;base64,R0lGODlhAQABAAAAACH5BAEKAAEALAAAAAABAAEAAAICTAEAOw==\" style=\"--smush-placeholder-width: 960px; --smush-placeholder-aspect-ratio: 960\/717;\"><img decoding=\"async\" class=\"aligncenter size-full wp-image-14652 lazyload\" data-src=\"http:\/\/www.kerenphotography.com\/site\/wp-content\/uploads\/2017\/08\/Boda-en-Hotel-La-Concha-12.jpg\" alt=\"Boda en Hotel La Concha 12\" width=\"960\" height=\"480\" src=\"data:image\/gif;base64,R0lGODlhAQABAAAAACH5BAEKAAEALAAAAAABAAEAAAICTAEAOw==\" style=\"--smush-placeholder-width: 960px; --smush-placeholder-aspect-ratio: 960\/480;\"><img decoding=\"async\" class=\"aligncenter size-full wp-image-14653 lazyload\" data-src=\"http:\/\/www.kerenphotography.com\/site\/wp-content\/uploads\/2017\/08\/Boda-en-Hotel-La-Concha-13.jpg\" alt=\"Boda en Hotel La Concha 13\" width=\"960\" height=\"670\" src=\"data:image\/gif;base64,R0lGODlhAQABAAAAACH5BAEKAAEALAAAAAABAAEAAAICTAEAOw==\" style=\"--smush-placeholder-width: 960px; --smush-placeholder-aspect-ratio: 960\/670;\"><img decoding=\"async\" class=\"aligncenter size-full wp-image-14654 lazyload\" data-src=\"http:\/\/www.kerenphotography.com\/site\/wp-content\/uploads\/2017\/08\/Boda-en-Hotel-La-Concha-14.jpg\" alt=\"Boda en Hotel La Concha 14\" width=\"960\" height=\"958\" src=\"data:image\/gif;base64,R0lGODlhAQABAAAAACH5BAEKAAEALAAAAAABAAEAAAICTAEAOw==\" style=\"--smush-placeholder-width: 960px; --smush-placeholder-aspect-ratio: 960\/958;\"><img decoding=\"async\" class=\"aligncenter size-full wp-image-14655 lazyload\" data-src=\"http:\/\/www.kerenphotography.com\/site\/wp-content\/uploads\/2017\/08\/Boda-en-Hotel-La-Concha-15.jpg\" alt=\"Boda en Hotel La Concha 15\" width=\"960\" height=\"458\" src=\"data:image\/gif;base64,R0lGODlhAQABAAAAACH5BAEKAAEALAAAAAABAAEAAAICTAEAOw==\" style=\"--smush-placeholder-width: 960px; --smush-placeholder-aspect-ratio: 960\/458;\"><img decoding=\"async\" class=\"aligncenter size-full wp-image-14656 lazyload\" data-src=\"http:\/\/www.kerenphotography.com\/site\/wp-content\/uploads\/2017\/08\/Boda-en-Hotel-La-Concha-17.jpg\" alt=\"Boda en Hotel La Concha 17\" width=\"960\" height=\"639\" src=\"data:image\/gif;base64,R0lGODlhAQABAAAAACH5BAEKAAEALAAAAAABAAEAAAICTAEAOw==\" style=\"--smush-placeholder-width: 960px; --smush-placeholder-aspect-ratio: 960\/639;\"><img decoding=\"async\" class=\"aligncenter size-full wp-image-14657 lazyload\" data-src=\"http:\/\/www.kerenphotography.com\/site\/wp-content\/uploads\/2017\/08\/Boda-en-Hotel-La-Concha-18.jpg\" alt=\"Boda en Hotel La Concha 18\" width=\"960\" height=\"319\" src=\"data:image\/gif;base64,R0lGODlhAQABAAAAACH5BAEKAAEALAAAAAABAAEAAAICTAEAOw==\" style=\"--smush-placeholder-width: 960px; --smush-placeholder-aspect-ratio: 960\/319;\"><img decoding=\"async\" class=\"aligncenter size-full wp-image-14660 lazyload\" data-src=\"http:\/\/www.kerenphotography.com\/site\/wp-content\/uploads\/2017\/08\/Boda-en-Hotel-La-Concha-21.jpg\" alt=\"Boda en Hotel La Concha 21\" width=\"960\" height=\"639\" src=\"data:image\/gif;base64,R0lGODlhAQABAAAAACH5BAEKAAEALAAAAAABAAEAAAICTAEAOw==\" style=\"--smush-placeholder-width: 960px; --smush-placeholder-aspect-ratio: 960\/639;\"><img decoding=\"async\" class=\"aligncenter wp-image-14661 size-full lazyload\" data-src=\"http:\/\/www.kerenphotography.com\/site\/wp-content\/uploads\/2017\/08\/Boda-en-Hotel-La-Concha-22.jpg\" alt=\"Boda en Hotel La Concha 22\" width=\"960\" height=\"1436\" src=\"data:image\/gif;base64,R0lGODlhAQABAAAAACH5BAEKAAEALAAAAAABAAEAAAICTAEAOw==\" style=\"--smush-placeholder-width: 960px; --smush-placeholder-aspect-ratio: 960\/1436;\"><img decoding=\"async\" class=\"aligncenter size-full wp-image-14659 lazyload\" data-src=\"http:\/\/www.kerenphotography.com\/site\/wp-content\/uploads\/2017\/08\/Boda-en-Hotel-La-Concha-20.jpg\" alt=\"Boda en Hotel La Concha 20\" width=\"960\" height=\"319\" src=\"data:image\/gif;base64,R0lGODlhAQABAAAAACH5BAEKAAEALAAAAAABAAEAAAICTAEAOw==\" style=\"--smush-placeholder-width: 960px; --smush-placeholder-aspect-ratio: 960\/319;\"><img decoding=\"async\" class=\"aligncenter size-full wp-image-14658 lazyload\" data-src=\"http:\/\/www.kerenphotography.com\/site\/wp-content\/uploads\/2017\/08\/Boda-en-Hotel-La-Concha-19.jpg\" alt=\"Boda en Hotel La Concha 19\" width=\"960\" height=\"717\" src=\"data:image\/gif;base64,R0lGODlhAQABAAAAACH5BAEKAAEALAAAAAABAAEAAAICTAEAOw==\" style=\"--smush-placeholder-width: 960px; --smush-placeholder-aspect-ratio: 960\/717;\"><img decoding=\"async\" class=\"aligncenter size-full wp-image-14662 lazyload\" data-src=\"http:\/\/www.kerenphotography.com\/site\/wp-content\/uploads\/2017\/08\/Boda-en-Hotel-La-Concha-23.jpg\" alt=\"Boda en Hotel La Concha 23\" width=\"960\" height=\"639\" src=\"data:image\/gif;base64,R0lGODlhAQABAAAAACH5BAEKAAEALAAAAAABAAEAAAICTAEAOw==\" style=\"--smush-placeholder-width: 960px; --smush-placeholder-aspect-ratio: 960\/639;\"><img decoding=\"async\" class=\"aligncenter size-full wp-image-14663 lazyload\" data-src=\"http:\/\/www.kerenphotography.com\/site\/wp-content\/uploads\/2017\/08\/Boda-en-Hotel-La-Concha-24.jpg\" alt=\"Boda en Hotel La Concha 24\" width=\"960\" height=\"319\" src=\"data:image\/gif;base64,R0lGODlhAQABAAAAACH5BAEKAAEALAAAAAABAAEAAAICTAEAOw==\" style=\"--smush-placeholder-width: 960px; --smush-placeholder-aspect-ratio: 960\/319;\"><img decoding=\"async\" class=\"aligncenter size-full wp-image-14664 lazyload\" data-src=\"http:\/\/www.kerenphotography.com\/site\/wp-content\/uploads\/2017\/08\/Boda-en-Hotel-La-Concha-25.jpg\" alt=\"Boda en Hotel La Concha 25\" width=\"960\" height=\"639\" src=\"data:image\/gif;base64,R0lGODlhAQABAAAAACH5BAEKAAEALAAAAAABAAEAAAICTAEAOw==\" style=\"--smush-placeholder-width: 960px; --smush-placeholder-aspect-ratio: 960\/639;\"><img decoding=\"async\" class=\"aligncenter size-full wp-image-14665 lazyload\" data-src=\"http:\/\/www.kerenphotography.com\/site\/wp-content\/uploads\/2017\/08\/Boda-en-Hotel-La-Concha-26.jpg\" alt=\"Boda en Hotel La Concha 26\" width=\"960\" height=\"639\" src=\"data:image\/gif;base64,R0lGODlhAQABAAAAACH5BAEKAAEALAAAAAABAAEAAAICTAEAOw==\" style=\"--smush-placeholder-width: 960px; --smush-placeholder-aspect-ratio: 960\/639;\"><img decoding=\"async\" class=\"aligncenter size-full wp-image-14671 lazyload\" data-src=\"http:\/\/www.kerenphotography.com\/site\/wp-content\/uploads\/2017\/08\/Boda-en-Hotel-La-Concha-32.jpg\" alt=\"Boda en Hotel La Concha 32\" width=\"960\" height=\"717\" src=\"data:image\/gif;base64,R0lGODlhAQABAAAAACH5BAEKAAEALAAAAAABAAEAAAICTAEAOw==\" style=\"--smush-placeholder-width: 960px; --smush-placeholder-aspect-ratio: 960\/717;\"><img decoding=\"async\" class=\"aligncenter size-full wp-image-14669 lazyload\" data-src=\"http:\/\/www.kerenphotography.com\/site\/wp-content\/uploads\/2017\/08\/Boda-en-Hotel-La-Concha-30.jpg\" alt=\"Boda en Hotel La Concha 30\" width=\"960\" height=\"639\" src=\"data:image\/gif;base64,R0lGODlhAQABAAAAACH5BAEKAAEALAAAAAABAAEAAAICTAEAOw==\" style=\"--smush-placeholder-width: 960px; --smush-placeholder-aspect-ratio: 960\/639;\"><img decoding=\"async\" class=\"aligncenter size-full wp-image-14668 lazyload\" data-src=\"http:\/\/www.kerenphotography.com\/site\/wp-content\/uploads\/2017\/08\/Boda-en-Hotel-La-Concha-29.jpg\" alt=\"Boda en Hotel La Concha 29\" width=\"960\" height=\"961\" src=\"data:image\/gif;base64,R0lGODlhAQABAAAAACH5BAEKAAEALAAAAAABAAEAAAICTAEAOw==\" style=\"--smush-placeholder-width: 960px; --smush-placeholder-aspect-ratio: 960\/961;\"><\/p>\n<p>&nbsp;<\/p>\n<p>&nbsp;<\/p>\n","protected":false},"excerpt":{"rendered":"<p>Boda en Hotel La Concha Evelyn y Edwin Cada boda es \u00fanica, llena de peque\u00f1os momentos llenos de emociones. El momento en que que Evelyn dijo S\u00ed acepto estuvo acompa\u00f1ado de hermosos fuegos artificiales que hicieron de esa noche una m\u00e1gica en el La Concha Weddings. &nbsp;Evelyn es muy especial para mi pues he sido [&hellip;]<\/p>\n","protected":false},"author":1,"featured_media":15251,"comment_status":"open","ping_status":"open","sticky":false,"template":"","format":"standard","meta":{"footnotes":""},"categories":[2],"tags":[],"class_list":["post-14641","post","type-post","status-publish","format-standard","has-post-thumbnail","hentry","category-bodas"],"_links":{"self":[{"href":"https:\/\/kerenphotography.com\/inicio\/wp-json\/wp\/v2\/posts\/14641","targetHints":{"allow":["GET"]}}],"collection":[{"href":"https:\/\/kerenphotography.com\/inicio\/wp-json\/wp\/v2\/posts"}],"about":[{"href":"https:\/\/kerenphotography.com\/inicio\/wp-json\/wp\/v2\/types\/post"}],"author":[{"embeddable":true,"href":"https:\/\/kerenphotography.com\/inicio\/wp-json\/wp\/v2\/users\/1"}],"replies":[{"embeddable":true,"href":"https:\/\/kerenphotography.com\/inicio\/wp-json\/wp\/v2\/comments?post=14641"}],"version-history":[{"count":1,"href":"https:\/\/kerenphotography.com\/inicio\/wp-json\/wp\/v2\/posts\/14641\/revisions"}],"predecessor-version":[{"id":15252,"href":"https:\/\/kerenphotography.com\/inicio\/wp-json\/wp\/v2\/posts\/14641\/revisions\/15252"}],"wp:featuredmedia":[{"embeddable":true,"href":"https:\/\/kerenphotography.com\/inicio\/wp-json\/wp\/v2\/media\/15251"}],"wp:attachment":[{"href":"https:\/\/kerenphotography.com\/inicio\/wp-json\/wp\/v2\/media?parent=14641"}],"wp:term":[{"taxonomy":"category","embeddable":true,"href":"https:\/\/kerenphotography.com\/inicio\/wp-json\/wp\/v2\/categories?post=14641"},{"taxonomy":"post_tag","embeddable":true,"href":"https:\/\/kerenphotography.com\/inicio\/wp-json\/wp\/v2\/tags?post=14641"}],"curies":[{"name":"wp","href":"https:\/\/api.w.org\/{rel}","templated":true}]}}