{"id":14218,"date":"2016-10-25T16:41:22","date_gmt":"2016-10-25T20:41:22","guid":{"rendered":"http:\/\/www.kerenphotography.com\/site\/?p=14218"},"modified":"2020-04-10T02:23:47","modified_gmt":"2020-04-10T02:23:47","slug":"una-boda-adorable-en-rebecca-salon-restaurant","status":"publish","type":"post","link":"https:\/\/kerenphotography.com\/inicio\/una-boda-adorable-en-rebecca-salon-restaurant\/","title":{"rendered":"Una boda adorable en Rebecca Salon &#038; Restaurant"},"content":{"rendered":"<p>Mariely y Daniel son una pareja encantadora. &nbsp;Desde la sesi\u00f3n de Love Story hicimos click y fue s\u00faper c\u00f3modo trabajar con ellos. &nbsp; Una ceremonia emotiva seguido de la recepci\u00f3n que tuvo lugar en Rebecca Sal\u00f3n &amp; Restaurant hermosamente decorado por Carmen R\u00edos quien a su vez coordino de forma perfecta este evento. &nbsp;Una boda \u00edntima junto a sus familiares y amigos m\u00e1s cercanos pero llena de muchos detalles y momentos. &nbsp;Capturar la esencia de tu d\u00eda sin alterar su curso es mi meta de esta forma los novios recordar\u00e1n todos los detalles que con tanto esmero prepararon. Comparto con ustedes algunas de sus fotos...<\/p>\n<p>Coordinaci\u00f3n y decoraci\u00f3n: Carmen R\u00edos<\/p>\n<p>Recepci\u00f3n: Rebecca Sal\u00f3n &amp; Restaurant<\/p>\n<p>Bizcocho: Vanessa Caro<\/p>\n<p>Fotos: Keren Photography<\/p>\n<p>&nbsp;<\/p>\n<p><img decoding=\"async\" class=\"aligncenter size-full wp-image-14219 lazyload\" data-src=\"http:\/\/www.kerenphotography.com\/site\/wp-content\/uploads\/2016\/10\/Boda-en-Rebecca-Salon-Restaurant-1.jpg\" alt=\"boda-en-rebecca-salon-restaurant-1\" width=\"960\" height=\"490\" src=\"data:image\/gif;base64,R0lGODlhAQABAAAAACH5BAEKAAEALAAAAAABAAEAAAICTAEAOw==\" style=\"--smush-placeholder-width: 960px; --smush-placeholder-aspect-ratio: 960\/490;\"> <img decoding=\"async\" class=\"aligncenter wp-image-14220 size-full lazyload\" data-src=\"http:\/\/www.kerenphotography.com\/site\/wp-content\/uploads\/2016\/10\/Boda-en-Rebecca-Salon-Restaurant-2.jpg\" alt=\"boda-en-rebecca-salon-restaurant-2\" width=\"960\" height=\"717\" src=\"data:image\/gif;base64,R0lGODlhAQABAAAAACH5BAEKAAEALAAAAAABAAEAAAICTAEAOw==\" style=\"--smush-placeholder-width: 960px; --smush-placeholder-aspect-ratio: 960\/717;\"> <img decoding=\"async\" class=\"aligncenter wp-image-14221 size-full lazyload\" data-src=\"http:\/\/www.kerenphotography.com\/site\/wp-content\/uploads\/2016\/10\/Boda-en-Rebecca-Salon-Restaurant-3.jpg\" alt=\"boda-en-rebecca-salon-restaurant-3\" width=\"960\" height=\"1436\" src=\"data:image\/gif;base64,R0lGODlhAQABAAAAACH5BAEKAAEALAAAAAABAAEAAAICTAEAOw==\" style=\"--smush-placeholder-width: 960px; --smush-placeholder-aspect-ratio: 960\/1436;\"> <img decoding=\"async\" class=\"aligncenter wp-image-14222 size-full lazyload\" data-src=\"http:\/\/www.kerenphotography.com\/site\/wp-content\/uploads\/2016\/10\/Boda-en-Rebecca-Salon-Restaurant-4.jpg\" alt=\"boda-en-rebecca-salon-restaurant-4\" width=\"960\" height=\"1367\" src=\"data:image\/gif;base64,R0lGODlhAQABAAAAACH5BAEKAAEALAAAAAABAAEAAAICTAEAOw==\" style=\"--smush-placeholder-width: 960px; --smush-placeholder-aspect-ratio: 960\/1367;\"> <img decoding=\"async\" class=\"aligncenter wp-image-14223 size-full lazyload\" data-src=\"http:\/\/www.kerenphotography.com\/site\/wp-content\/uploads\/2016\/10\/Boda-en-Rebecca-Salon-Restaurant-5.jpg\" alt=\"boda-en-rebecca-salon-restaurant-5\" width=\"960\" height=\"1362\" src=\"data:image\/gif;base64,R0lGODlhAQABAAAAACH5BAEKAAEALAAAAAABAAEAAAICTAEAOw==\" style=\"--smush-placeholder-width: 960px; --smush-placeholder-aspect-ratio: 960\/1362;\"> <img decoding=\"async\" class=\"aligncenter wp-image-14224 size-full lazyload\" data-src=\"http:\/\/www.kerenphotography.com\/site\/wp-content\/uploads\/2016\/10\/Boda-en-Rebecca-Salon-Restaurant-6.jpg\" alt=\"boda-en-rebecca-salon-restaurant-6\" width=\"960\" height=\"319\" src=\"data:image\/gif;base64,R0lGODlhAQABAAAAACH5BAEKAAEALAAAAAABAAEAAAICTAEAOw==\" style=\"--smush-placeholder-width: 960px; --smush-placeholder-aspect-ratio: 960\/319;\"> <img decoding=\"async\" class=\"aligncenter wp-image-14225 size-full lazyload\" data-src=\"http:\/\/www.kerenphotography.com\/site\/wp-content\/uploads\/2016\/10\/Boda-en-Rebecca-Salon-Restaurant-7.jpg\" alt=\"boda-en-rebecca-salon-restaurant-7\" width=\"960\" height=\"639\" src=\"data:image\/gif;base64,R0lGODlhAQABAAAAACH5BAEKAAEALAAAAAABAAEAAAICTAEAOw==\" style=\"--smush-placeholder-width: 960px; --smush-placeholder-aspect-ratio: 960\/639;\"> <img decoding=\"async\" class=\"aligncenter wp-image-14226 size-full lazyload\" data-src=\"http:\/\/www.kerenphotography.com\/site\/wp-content\/uploads\/2016\/10\/Boda-en-Rebecca-Salon-Restaurant-8.jpg\" alt=\"boda-en-rebecca-salon-restaurant-8\" width=\"960\" height=\"639\" src=\"data:image\/gif;base64,R0lGODlhAQABAAAAACH5BAEKAAEALAAAAAABAAEAAAICTAEAOw==\" style=\"--smush-placeholder-width: 960px; --smush-placeholder-aspect-ratio: 960\/639;\"> <img decoding=\"async\" class=\"aligncenter wp-image-14227 size-full lazyload\" data-src=\"http:\/\/www.kerenphotography.com\/site\/wp-content\/uploads\/2016\/10\/Boda-en-Rebecca-Salon-Restaurant-9.jpg\" alt=\"boda-en-rebecca-salon-restaurant-9\" width=\"960\" height=\"1282\" src=\"data:image\/gif;base64,R0lGODlhAQABAAAAACH5BAEKAAEALAAAAAABAAEAAAICTAEAOw==\" style=\"--smush-placeholder-width: 960px; --smush-placeholder-aspect-ratio: 960\/1282;\"> <img decoding=\"async\" class=\"aligncenter wp-image-14228 size-full lazyload\" data-src=\"http:\/\/www.kerenphotography.com\/site\/wp-content\/uploads\/2016\/10\/Boda-en-Rebecca-Salon-Restaurant-10.jpg\" alt=\"boda-en-rebecca-salon-restaurant-10\" width=\"960\" height=\"639\" src=\"data:image\/gif;base64,R0lGODlhAQABAAAAACH5BAEKAAEALAAAAAABAAEAAAICTAEAOw==\" style=\"--smush-placeholder-width: 960px; --smush-placeholder-aspect-ratio: 960\/639;\"> <img decoding=\"async\" class=\"aligncenter wp-image-14229 size-full lazyload\" data-src=\"http:\/\/www.kerenphotography.com\/site\/wp-content\/uploads\/2016\/10\/Boda-en-Rebecca-Salon-Restaurant-11.jpg\" alt=\"boda-en-rebecca-salon-restaurant-11\" width=\"960\" height=\"1282\" src=\"data:image\/gif;base64,R0lGODlhAQABAAAAACH5BAEKAAEALAAAAAABAAEAAAICTAEAOw==\" style=\"--smush-placeholder-width: 960px; --smush-placeholder-aspect-ratio: 960\/1282;\"> <img decoding=\"async\" class=\"aligncenter wp-image-14230 size-full lazyload\" data-src=\"http:\/\/www.kerenphotography.com\/site\/wp-content\/uploads\/2016\/10\/Boda-en-Rebecca-Salon-Restaurant-12.jpg\" alt=\"boda-en-rebecca-salon-restaurant-12\" width=\"960\" height=\"639\" src=\"data:image\/gif;base64,R0lGODlhAQABAAAAACH5BAEKAAEALAAAAAABAAEAAAICTAEAOw==\" style=\"--smush-placeholder-width: 960px; --smush-placeholder-aspect-ratio: 960\/639;\"> <img decoding=\"async\" class=\"aligncenter wp-image-14231 size-full lazyload\" data-src=\"http:\/\/www.kerenphotography.com\/site\/wp-content\/uploads\/2016\/10\/Boda-en-Rebecca-Salon-Restaurant-13.jpg\" alt=\"boda-en-rebecca-salon-restaurant-13\" width=\"960\" height=\"319\" src=\"data:image\/gif;base64,R0lGODlhAQABAAAAACH5BAEKAAEALAAAAAABAAEAAAICTAEAOw==\" style=\"--smush-placeholder-width: 960px; --smush-placeholder-aspect-ratio: 960\/319;\"> <img decoding=\"async\" class=\"aligncenter wp-image-14232 size-full lazyload\" data-src=\"http:\/\/www.kerenphotography.com\/site\/wp-content\/uploads\/2016\/10\/Boda-en-Rebecca-Salon-Restaurant-14.jpg\" alt=\"boda-en-rebecca-salon-restaurant-14\" width=\"960\" height=\"639\" src=\"data:image\/gif;base64,R0lGODlhAQABAAAAACH5BAEKAAEALAAAAAABAAEAAAICTAEAOw==\" style=\"--smush-placeholder-width: 960px; --smush-placeholder-aspect-ratio: 960\/639;\"> <img decoding=\"async\" class=\"aligncenter wp-image-14233 size-full lazyload\" data-src=\"http:\/\/www.kerenphotography.com\/site\/wp-content\/uploads\/2016\/10\/Boda-en-Rebecca-Salon-Restaurant-15.jpg\" alt=\"boda-en-rebecca-salon-restaurant-15\" width=\"960\" height=\"639\" src=\"data:image\/gif;base64,R0lGODlhAQABAAAAACH5BAEKAAEALAAAAAABAAEAAAICTAEAOw==\" style=\"--smush-placeholder-width: 960px; --smush-placeholder-aspect-ratio: 960\/639;\"> <img decoding=\"async\" class=\"aligncenter wp-image-14234 size-full lazyload\" data-src=\"http:\/\/www.kerenphotography.com\/site\/wp-content\/uploads\/2016\/10\/Boda-en-Rebecca-Salon-Restaurant-16.jpg\" alt=\"boda-en-rebecca-salon-restaurant-16\" width=\"960\" height=\"639\" src=\"data:image\/gif;base64,R0lGODlhAQABAAAAACH5BAEKAAEALAAAAAABAAEAAAICTAEAOw==\" style=\"--smush-placeholder-width: 960px; --smush-placeholder-aspect-ratio: 960\/639;\"> <img decoding=\"async\" class=\"aligncenter wp-image-14235 size-full lazyload\" data-src=\"http:\/\/www.kerenphotography.com\/site\/wp-content\/uploads\/2016\/10\/Boda-en-Rebecca-Salon-Restaurant-17.jpg\" alt=\"boda-en-rebecca-salon-restaurant-17\" width=\"960\" height=\"319\" src=\"data:image\/gif;base64,R0lGODlhAQABAAAAACH5BAEKAAEALAAAAAABAAEAAAICTAEAOw==\" style=\"--smush-placeholder-width: 960px; --smush-placeholder-aspect-ratio: 960\/319;\"> <img decoding=\"async\" class=\"aligncenter wp-image-14236 size-full lazyload\" data-src=\"http:\/\/www.kerenphotography.com\/site\/wp-content\/uploads\/2016\/10\/Boda-en-Rebecca-Salon-Restaurant-18.jpg\" alt=\"boda-en-rebecca-salon-restaurant-18\" width=\"960\" height=\"639\" src=\"data:image\/gif;base64,R0lGODlhAQABAAAAACH5BAEKAAEALAAAAAABAAEAAAICTAEAOw==\" style=\"--smush-placeholder-width: 960px; --smush-placeholder-aspect-ratio: 960\/639;\"> <img decoding=\"async\" class=\"aligncenter wp-image-14237 size-full lazyload\" data-src=\"http:\/\/www.kerenphotography.com\/site\/wp-content\/uploads\/2016\/10\/Boda-en-Rebecca-Salon-Restaurant-19.jpg\" alt=\"boda-en-rebecca-salon-restaurant-19\" width=\"960\" height=\"639\" src=\"data:image\/gif;base64,R0lGODlhAQABAAAAACH5BAEKAAEALAAAAAABAAEAAAICTAEAOw==\" style=\"--smush-placeholder-width: 960px; --smush-placeholder-aspect-ratio: 960\/639;\"> <img decoding=\"async\" class=\"aligncenter wp-image-14238 size-full lazyload\" data-src=\"http:\/\/www.kerenphotography.com\/site\/wp-content\/uploads\/2016\/10\/Boda-en-Rebecca-Salon-Restaurant-20.jpg\" alt=\"boda-en-rebecca-salon-restaurant-20\" width=\"960\" height=\"639\" src=\"data:image\/gif;base64,R0lGODlhAQABAAAAACH5BAEKAAEALAAAAAABAAEAAAICTAEAOw==\" style=\"--smush-placeholder-width: 960px; --smush-placeholder-aspect-ratio: 960\/639;\"> <img decoding=\"async\" class=\"aligncenter wp-image-14239 size-full lazyload\" data-src=\"http:\/\/www.kerenphotography.com\/site\/wp-content\/uploads\/2016\/10\/Boda-en-Rebecca-Salon-Restaurant-21.jpg\" alt=\"boda-en-rebecca-salon-restaurant-21\" width=\"960\" height=\"639\" src=\"data:image\/gif;base64,R0lGODlhAQABAAAAACH5BAEKAAEALAAAAAABAAEAAAICTAEAOw==\" style=\"--smush-placeholder-width: 960px; --smush-placeholder-aspect-ratio: 960\/639;\"> <img decoding=\"async\" class=\"aligncenter wp-image-14240 size-full lazyload\" data-src=\"http:\/\/www.kerenphotography.com\/site\/wp-content\/uploads\/2016\/10\/Boda-en-Rebecca-Salon-Restaurant-22.jpg\" alt=\"boda-en-rebecca-salon-restaurant-22\" width=\"960\" height=\"628\" src=\"data:image\/gif;base64,R0lGODlhAQABAAAAACH5BAEKAAEALAAAAAABAAEAAAICTAEAOw==\" style=\"--smush-placeholder-width: 960px; --smush-placeholder-aspect-ratio: 960\/628;\"> <img decoding=\"async\" class=\"aligncenter wp-image-14241 size-full lazyload\" data-src=\"http:\/\/www.kerenphotography.com\/site\/wp-content\/uploads\/2016\/10\/Boda-en-Rebecca-Salon-Restaurant-23.jpg\" alt=\"boda-en-rebecca-salon-restaurant-23\" width=\"960\" height=\"1084\" src=\"data:image\/gif;base64,R0lGODlhAQABAAAAACH5BAEKAAEALAAAAAABAAEAAAICTAEAOw==\" style=\"--smush-placeholder-width: 960px; --smush-placeholder-aspect-ratio: 960\/1084;\"> <img decoding=\"async\" class=\"aligncenter size-large wp-image-14242 lazyload\" data-src=\"http:\/\/www.kerenphotography.com\/site\/wp-content\/uploads\/2016\/10\/Boda-en-Rebecca-Salon-Restaurant-24-512x1024.jpg\" alt=\"boda-en-rebecca-salon-restaurant-24\" width=\"512\" height=\"1024\" src=\"data:image\/gif;base64,R0lGODlhAQABAAAAACH5BAEKAAEALAAAAAABAAEAAAICTAEAOw==\" style=\"--smush-placeholder-width: 512px; --smush-placeholder-aspect-ratio: 512\/1024;\"><\/p>\n","protected":false},"excerpt":{"rendered":"<p>Mariely y Daniel son una pareja encantadora. &nbsp;Desde la sesi\u00f3n de Love Story hicimos click y fue s\u00faper c\u00f3modo trabajar con ellos. &nbsp; Una ceremonia emotiva seguido de la recepci\u00f3n que tuvo lugar en Rebecca Sal\u00f3n &amp; Restaurant hermosamente decorado por Carmen R\u00edos quien a su vez coordino de forma perfecta este evento. &nbsp;Una boda [&hellip;]<\/p>\n","protected":false},"author":1,"featured_media":15308,"comment_status":"open","ping_status":"open","sticky":false,"template":"","format":"standard","meta":{"footnotes":""},"categories":[2],"tags":[],"class_list":["post-14218","post","type-post","status-publish","format-standard","has-post-thumbnail","hentry","category-bodas"],"_links":{"self":[{"href":"https:\/\/kerenphotography.com\/inicio\/wp-json\/wp\/v2\/posts\/14218","targetHints":{"allow":["GET"]}}],"collection":[{"href":"https:\/\/kerenphotography.com\/inicio\/wp-json\/wp\/v2\/posts"}],"about":[{"href":"https:\/\/kerenphotography.com\/inicio\/wp-json\/wp\/v2\/types\/post"}],"author":[{"embeddable":true,"href":"https:\/\/kerenphotography.com\/inicio\/wp-json\/wp\/v2\/users\/1"}],"replies":[{"embeddable":true,"href":"https:\/\/kerenphotography.com\/inicio\/wp-json\/wp\/v2\/comments?post=14218"}],"version-history":[{"count":1,"href":"https:\/\/kerenphotography.com\/inicio\/wp-json\/wp\/v2\/posts\/14218\/revisions"}],"predecessor-version":[{"id":15309,"href":"https:\/\/kerenphotography.com\/inicio\/wp-json\/wp\/v2\/posts\/14218\/revisions\/15309"}],"wp:featuredmedia":[{"embeddable":true,"href":"https:\/\/kerenphotography.com\/inicio\/wp-json\/wp\/v2\/media\/15308"}],"wp:attachment":[{"href":"https:\/\/kerenphotography.com\/inicio\/wp-json\/wp\/v2\/media?parent=14218"}],"wp:term":[{"taxonomy":"category","embeddable":true,"href":"https:\/\/kerenphotography.com\/inicio\/wp-json\/wp\/v2\/categories?post=14218"},{"taxonomy":"post_tag","embeddable":true,"href":"https:\/\/kerenphotography.com\/inicio\/wp-json\/wp\/v2\/tags?post=14218"}],"curies":[{"name":"wp","href":"https:\/\/api.w.org\/{rel}","templated":true}]}}