{"id":14184,"date":"2016-10-24T16:58:27","date_gmt":"2016-10-24T20:58:27","guid":{"rendered":"http:\/\/www.kerenphotography.com\/site\/?p=14184"},"modified":"2020-04-10T02:20:00","modified_gmt":"2020-04-10T02:20:00","slug":"elegante-boda-en-restaurante-perla-la-concha","status":"publish","type":"post","link":"https:\/\/kerenphotography.com\/inicio\/elegante-boda-en-restaurante-perla-la-concha\/","title":{"rendered":"Elegante Boda en Restaurante Perla, La Concha"},"content":{"rendered":"<p>Elegante Boda en Restaurante Perla, La Concha<\/p>\n<p>Melissa y Eric sin duda alguna una de las parejas m\u00e1s dulces que a pasado por nuestro lente! &nbsp;Cada detalle escogido con tanto esmero hacen que su boda sea una inolvidable. El arreglo de la novia por el artista Javier &nbsp;Moreno y el vestido de la dise\u00f1adora Carolina Herrera es de esos que te dejan sin aliento. &nbsp;Melissa luci\u00f3 esa noche como toda una reina. &nbsp;La emotiva ceremonia tuvo lugar en la Parroquia San Agust\u00edn, seguido de la elegante recepci\u00f3n en el Restaurante Perla en el Hotel La Concha, hermosamente decorado por Patricia Lorraine. &nbsp;Los invitados disfrutaron y bailaron al ritmo de Latin Spirit. &nbsp;El hermoso bizchocho fue confeccionado por Vanessa Caro . &nbsp;Esta hermosa boda estuvo coordinada por Yaska Crespo Firm. &nbsp;Cada momento fue capturado por Keren Photography... Espero disfruten cada foto!<\/p>\n<p>Ceremonia: Parroquia San Agust\u00edn<\/p>\n<p>Vestido de la Novia: Carolina Herrera<\/p>\n<p>Tocado: Eva Guadalupe<\/p>\n<p>Arreglo: Javier Moreno<\/p>\n<p>Recepci\u00f3n: Restaurante Perla, La Concha<\/p>\n<p>Decoraci\u00f3n: Patricia Lorraine<\/p>\n<p>Coordinaci\u00f3n: Yaska Crespo Firm<\/p>\n<p>Fotos: Keren Photography<\/p>\n<p>Bizcocho: Vanessa Caro<\/p>\n<p>&nbsp;<\/p>\n<p><img decoding=\"async\" class=\"aligncenter size-full wp-image-14185 lazyload\" data-src=\"http:\/\/www.kerenphotography.com\/site\/wp-content\/uploads\/2016\/10\/Boda-en-Restaurante-Perla-en-Hotel-La-Concha-1.jpg\" alt=\"boda-en-restaurante-perla-en-hotel-la-concha-1\" width=\"960\" height=\"798\" src=\"data:image\/gif;base64,R0lGODlhAQABAAAAACH5BAEKAAEALAAAAAABAAEAAAICTAEAOw==\" style=\"--smush-placeholder-width: 960px; --smush-placeholder-aspect-ratio: 960\/798;\"> <img decoding=\"async\" class=\"aligncenter wp-image-14186 size-full lazyload\" data-src=\"http:\/\/www.kerenphotography.com\/site\/wp-content\/uploads\/2016\/10\/Boda-en-Restaurante-Perla-en-Hotel-La-Concha-2.jpg\" alt=\"boda-en-restaurante-perla-en-hotel-la-concha-2\" width=\"960\" height=\"512\" src=\"data:image\/gif;base64,R0lGODlhAQABAAAAACH5BAEKAAEALAAAAAABAAEAAAICTAEAOw==\" style=\"--smush-placeholder-width: 960px; --smush-placeholder-aspect-ratio: 960\/512;\"> <img decoding=\"async\" class=\"aligncenter wp-image-14187 size-full lazyload\" data-src=\"http:\/\/www.kerenphotography.com\/site\/wp-content\/uploads\/2016\/10\/Boda-en-Restaurante-Perla-en-Hotel-La-Concha-3.jpg\" alt=\"boda-en-restaurante-perla-en-hotel-la-concha-3\" width=\"960\" height=\"1359\" src=\"data:image\/gif;base64,R0lGODlhAQABAAAAACH5BAEKAAEALAAAAAABAAEAAAICTAEAOw==\" style=\"--smush-placeholder-width: 960px; --smush-placeholder-aspect-ratio: 960\/1359;\"> <img decoding=\"async\" class=\"aligncenter wp-image-14188 size-full lazyload\" data-src=\"http:\/\/www.kerenphotography.com\/site\/wp-content\/uploads\/2016\/10\/Boda-en-Restaurante-Perla-en-Hotel-La-Concha-4.jpg\" alt=\"boda-en-restaurante-perla-en-hotel-la-concha-4\" width=\"960\" height=\"408\" src=\"data:image\/gif;base64,R0lGODlhAQABAAAAACH5BAEKAAEALAAAAAABAAEAAAICTAEAOw==\" style=\"--smush-placeholder-width: 960px; --smush-placeholder-aspect-ratio: 960\/408;\"> <img decoding=\"async\" class=\"aligncenter wp-image-14189 size-full lazyload\" data-src=\"http:\/\/www.kerenphotography.com\/site\/wp-content\/uploads\/2016\/10\/Boda-en-Restaurante-Perla-en-Hotel-La-Concha-5.jpg\" alt=\"boda-en-restaurante-perla-en-hotel-la-concha-5\" width=\"960\" height=\"1682\" src=\"data:image\/gif;base64,R0lGODlhAQABAAAAACH5BAEKAAEALAAAAAABAAEAAAICTAEAOw==\" style=\"--smush-placeholder-width: 960px; --smush-placeholder-aspect-ratio: 960\/1682;\"> <img decoding=\"async\" class=\"aligncenter wp-image-14190 size-full lazyload\" data-src=\"http:\/\/www.kerenphotography.com\/site\/wp-content\/uploads\/2016\/10\/Boda-en-Restaurante-Perla-en-Hotel-La-Concha-6.jpg\" alt=\"boda-en-restaurante-perla-en-hotel-la-concha-6\" width=\"960\" height=\"1436\" src=\"data:image\/gif;base64,R0lGODlhAQABAAAAACH5BAEKAAEALAAAAAABAAEAAAICTAEAOw==\" style=\"--smush-placeholder-width: 960px; --smush-placeholder-aspect-ratio: 960\/1436;\"> <img decoding=\"async\" class=\"aligncenter wp-image-14191 size-full lazyload\" data-src=\"http:\/\/www.kerenphotography.com\/site\/wp-content\/uploads\/2016\/10\/Boda-en-Restaurante-Perla-en-Hotel-La-Concha-7.jpg\" alt=\"boda-en-restaurante-perla-en-hotel-la-concha-7\" width=\"960\" height=\"319\" src=\"data:image\/gif;base64,R0lGODlhAQABAAAAACH5BAEKAAEALAAAAAABAAEAAAICTAEAOw==\" style=\"--smush-placeholder-width: 960px; --smush-placeholder-aspect-ratio: 960\/319;\"> <img decoding=\"async\" class=\"aligncenter wp-image-14192 size-full lazyload\" data-src=\"http:\/\/www.kerenphotography.com\/site\/wp-content\/uploads\/2016\/10\/Boda-en-Restaurante-Perla-en-Hotel-La-Concha-8.jpg\" alt=\"boda-en-restaurante-perla-en-hotel-la-concha-8\" width=\"960\" height=\"461\" src=\"data:image\/gif;base64,R0lGODlhAQABAAAAACH5BAEKAAEALAAAAAABAAEAAAICTAEAOw==\" style=\"--smush-placeholder-width: 960px; --smush-placeholder-aspect-ratio: 960\/461;\"> <img decoding=\"async\" class=\"aligncenter wp-image-14193 size-full lazyload\" data-src=\"http:\/\/www.kerenphotography.com\/site\/wp-content\/uploads\/2016\/10\/Boda-en-Restaurante-Perla-en-Hotel-La-Concha-9.jpg\" alt=\"boda-en-restaurante-perla-en-hotel-la-concha-9\" width=\"960\" height=\"1355\" src=\"data:image\/gif;base64,R0lGODlhAQABAAAAACH5BAEKAAEALAAAAAABAAEAAAICTAEAOw==\" style=\"--smush-placeholder-width: 960px; --smush-placeholder-aspect-ratio: 960\/1355;\"> <img decoding=\"async\" class=\"aligncenter wp-image-14194 size-full lazyload\" data-src=\"http:\/\/www.kerenphotography.com\/site\/wp-content\/uploads\/2016\/10\/Boda-en-Restaurante-Perla-en-Hotel-La-Concha-10.jpg\" alt=\"boda-en-restaurante-perla-en-hotel-la-concha-10\" width=\"960\" height=\"1436\" src=\"data:image\/gif;base64,R0lGODlhAQABAAAAACH5BAEKAAEALAAAAAABAAEAAAICTAEAOw==\" style=\"--smush-placeholder-width: 960px; --smush-placeholder-aspect-ratio: 960\/1436;\"> <img decoding=\"async\" class=\"aligncenter wp-image-14195 size-full lazyload\" data-src=\"http:\/\/www.kerenphotography.com\/site\/wp-content\/uploads\/2016\/10\/Boda-en-Restaurante-Perla-en-Hotel-La-Concha-11.jpg\" alt=\"boda-en-restaurante-perla-en-hotel-la-concha-11\" width=\"960\" height=\"1436\" src=\"data:image\/gif;base64,R0lGODlhAQABAAAAACH5BAEKAAEALAAAAAABAAEAAAICTAEAOw==\" style=\"--smush-placeholder-width: 960px; --smush-placeholder-aspect-ratio: 960\/1436;\"> <img decoding=\"async\" class=\"aligncenter wp-image-14196 size-full lazyload\" data-src=\"http:\/\/www.kerenphotography.com\/site\/wp-content\/uploads\/2016\/10\/Boda-en-Restaurante-Perla-en-Hotel-La-Concha-12.jpg\" alt=\"boda-en-restaurante-perla-en-hotel-la-concha-12\" width=\"960\" height=\"639\" src=\"data:image\/gif;base64,R0lGODlhAQABAAAAACH5BAEKAAEALAAAAAABAAEAAAICTAEAOw==\" style=\"--smush-placeholder-width: 960px; --smush-placeholder-aspect-ratio: 960\/639;\"> <img decoding=\"async\" class=\"aligncenter wp-image-14197 size-full lazyload\" data-src=\"http:\/\/www.kerenphotography.com\/site\/wp-content\/uploads\/2016\/10\/Boda-en-Restaurante-Perla-en-Hotel-La-Concha-13.jpg\" alt=\"boda-en-restaurante-perla-en-hotel-la-concha-13\" width=\"960\" height=\"591\" src=\"data:image\/gif;base64,R0lGODlhAQABAAAAACH5BAEKAAEALAAAAAABAAEAAAICTAEAOw==\" style=\"--smush-placeholder-width: 960px; --smush-placeholder-aspect-ratio: 960\/591;\"> <img decoding=\"async\" class=\"aligncenter wp-image-14198 size-full lazyload\" data-src=\"http:\/\/www.kerenphotography.com\/site\/wp-content\/uploads\/2016\/10\/Boda-en-Restaurante-Perla-en-Hotel-La-Concha-14.jpg\" alt=\"boda-en-restaurante-perla-en-hotel-la-concha-14\" width=\"960\" height=\"1407\" src=\"data:image\/gif;base64,R0lGODlhAQABAAAAACH5BAEKAAEALAAAAAABAAEAAAICTAEAOw==\" style=\"--smush-placeholder-width: 960px; --smush-placeholder-aspect-ratio: 960\/1407;\"> <img decoding=\"async\" class=\"aligncenter wp-image-14199 size-full lazyload\" data-src=\"http:\/\/www.kerenphotography.com\/site\/wp-content\/uploads\/2016\/10\/Boda-en-Restaurante-Perla-en-Hotel-La-Concha-15.jpg\" alt=\"boda-en-restaurante-perla-en-hotel-la-concha-15\" width=\"960\" height=\"319\" src=\"data:image\/gif;base64,R0lGODlhAQABAAAAACH5BAEKAAEALAAAAAABAAEAAAICTAEAOw==\" style=\"--smush-placeholder-width: 960px; --smush-placeholder-aspect-ratio: 960\/319;\"> <img decoding=\"async\" class=\"aligncenter wp-image-14200 size-full lazyload\" data-src=\"http:\/\/www.kerenphotography.com\/site\/wp-content\/uploads\/2016\/10\/Boda-en-Restaurante-Perla-en-Hotel-La-Concha-16.jpg\" alt=\"boda-en-restaurante-perla-en-hotel-la-concha-16\" width=\"960\" height=\"1726\" src=\"data:image\/gif;base64,R0lGODlhAQABAAAAACH5BAEKAAEALAAAAAABAAEAAAICTAEAOw==\" style=\"--smush-placeholder-width: 960px; --smush-placeholder-aspect-ratio: 960\/1726;\"> <img decoding=\"async\" class=\"aligncenter wp-image-14201 size-full lazyload\" data-src=\"http:\/\/www.kerenphotography.com\/site\/wp-content\/uploads\/2016\/10\/Boda-en-Restaurante-Perla-en-Hotel-La-Concha-17.jpg\" alt=\"boda-en-restaurante-perla-en-hotel-la-concha-17\" width=\"960\" height=\"319\" src=\"data:image\/gif;base64,R0lGODlhAQABAAAAACH5BAEKAAEALAAAAAABAAEAAAICTAEAOw==\" style=\"--smush-placeholder-width: 960px; --smush-placeholder-aspect-ratio: 960\/319;\"> <img decoding=\"async\" class=\"aligncenter wp-image-14210 size-full lazyload\" data-src=\"http:\/\/www.kerenphotography.com\/site\/wp-content\/uploads\/2016\/10\/Boda-en-Restaurante-Perla-en-Hotel-La-Concha-26.jpg\" alt=\"boda-en-restaurante-perla-en-hotel-la-concha-26\" width=\"960\" height=\"1436\" src=\"data:image\/gif;base64,R0lGODlhAQABAAAAACH5BAEKAAEALAAAAAABAAEAAAICTAEAOw==\" style=\"--smush-placeholder-width: 960px; --smush-placeholder-aspect-ratio: 960\/1436;\"> <img decoding=\"async\" class=\"aligncenter size-full wp-image-14211 lazyload\" data-src=\"http:\/\/www.kerenphotography.com\/site\/wp-content\/uploads\/2016\/10\/Boda-en-Restaurante-Perla-en-Hotel-La-Concha-27.jpg\" alt=\"boda-en-restaurante-perla-en-hotel-la-concha-27\" width=\"960\" height=\"639\" src=\"data:image\/gif;base64,R0lGODlhAQABAAAAACH5BAEKAAEALAAAAAABAAEAAAICTAEAOw==\" style=\"--smush-placeholder-width: 960px; --smush-placeholder-aspect-ratio: 960\/639;\"> <img decoding=\"async\" class=\"aligncenter size-full wp-image-14212 lazyload\" data-src=\"http:\/\/www.kerenphotography.com\/site\/wp-content\/uploads\/2016\/10\/Boda-en-Restaurante-Perla-en-Hotel-La-Concha-28.jpg\" alt=\"boda-en-restaurante-perla-en-hotel-la-concha-28\" width=\"960\" height=\"639\" src=\"data:image\/gif;base64,R0lGODlhAQABAAAAACH5BAEKAAEALAAAAAABAAEAAAICTAEAOw==\" style=\"--smush-placeholder-width: 960px; --smush-placeholder-aspect-ratio: 960\/639;\"> <img decoding=\"async\" class=\"aligncenter size-full wp-image-14213 lazyload\" data-src=\"http:\/\/www.kerenphotography.com\/site\/wp-content\/uploads\/2016\/10\/Boda-en-Restaurante-Perla-en-Hotel-La-Concha-29.jpg\" alt=\"boda-en-restaurante-perla-en-hotel-la-concha-29\" width=\"960\" height=\"639\" src=\"data:image\/gif;base64,R0lGODlhAQABAAAAACH5BAEKAAEALAAAAAABAAEAAAICTAEAOw==\" style=\"--smush-placeholder-width: 960px; --smush-placeholder-aspect-ratio: 960\/639;\"> <img decoding=\"async\" class=\"aligncenter wp-image-14214 size-full lazyload\" data-src=\"http:\/\/www.kerenphotography.com\/site\/wp-content\/uploads\/2016\/10\/Boda-en-Restaurante-Perla-en-Hotel-La-Concha-30.jpg\" alt=\"boda-en-restaurante-perla-en-hotel-la-concha-30\" width=\"960\" height=\"1436\" src=\"data:image\/gif;base64,R0lGODlhAQABAAAAACH5BAEKAAEALAAAAAABAAEAAAICTAEAOw==\" style=\"--smush-placeholder-width: 960px; --smush-placeholder-aspect-ratio: 960\/1436;\"><img decoding=\"async\" class=\"aligncenter wp-image-14203 size-full lazyload\" data-src=\"http:\/\/www.kerenphotography.com\/site\/wp-content\/uploads\/2016\/10\/Boda-en-Restaurante-Perla-en-Hotel-La-Concha-19.jpg\" alt=\"boda-en-restaurante-perla-en-hotel-la-concha-19\" width=\"960\" height=\"516\" src=\"data:image\/gif;base64,R0lGODlhAQABAAAAACH5BAEKAAEALAAAAAABAAEAAAICTAEAOw==\" style=\"--smush-placeholder-width: 960px; --smush-placeholder-aspect-ratio: 960\/516;\"> <img decoding=\"async\" class=\"aligncenter wp-image-14204 size-full lazyload\" data-src=\"http:\/\/www.kerenphotography.com\/site\/wp-content\/uploads\/2016\/10\/Boda-en-Restaurante-Perla-en-Hotel-La-Concha-20.jpg\" alt=\"boda-en-restaurante-perla-en-hotel-la-concha-20\" width=\"960\" height=\"639\" src=\"data:image\/gif;base64,R0lGODlhAQABAAAAACH5BAEKAAEALAAAAAABAAEAAAICTAEAOw==\" style=\"--smush-placeholder-width: 960px; --smush-placeholder-aspect-ratio: 960\/639;\"> <img decoding=\"async\" class=\"aligncenter wp-image-14205 size-full lazyload\" data-src=\"http:\/\/www.kerenphotography.com\/site\/wp-content\/uploads\/2016\/10\/Boda-en-Restaurante-Perla-en-Hotel-La-Concha-21.jpg\" alt=\"boda-en-restaurante-perla-en-hotel-la-concha-21\" width=\"960\" height=\"564\" src=\"data:image\/gif;base64,R0lGODlhAQABAAAAACH5BAEKAAEALAAAAAABAAEAAAICTAEAOw==\" style=\"--smush-placeholder-width: 960px; --smush-placeholder-aspect-ratio: 960\/564;\"> <img decoding=\"async\" class=\"aligncenter wp-image-14206 size-full lazyload\" data-src=\"http:\/\/www.kerenphotography.com\/site\/wp-content\/uploads\/2016\/10\/Boda-en-Restaurante-Perla-en-Hotel-La-Concha-22.jpg\" alt=\"boda-en-restaurante-perla-en-hotel-la-concha-22\" width=\"960\" height=\"613\" src=\"data:image\/gif;base64,R0lGODlhAQABAAAAACH5BAEKAAEALAAAAAABAAEAAAICTAEAOw==\" style=\"--smush-placeholder-width: 960px; --smush-placeholder-aspect-ratio: 960\/613;\"> <img decoding=\"async\" class=\"aligncenter wp-image-14207 size-full lazyload\" data-src=\"http:\/\/www.kerenphotography.com\/site\/wp-content\/uploads\/2016\/10\/Boda-en-Restaurante-Perla-en-Hotel-La-Concha-23.jpg\" alt=\"boda-en-restaurante-perla-en-hotel-la-concha-23\" width=\"960\" height=\"426\" src=\"data:image\/gif;base64,R0lGODlhAQABAAAAACH5BAEKAAEALAAAAAABAAEAAAICTAEAOw==\" style=\"--smush-placeholder-width: 960px; --smush-placeholder-aspect-ratio: 960\/426;\"> <img decoding=\"async\" class=\"aligncenter wp-image-14208 lazyload\" data-src=\"http:\/\/www.kerenphotography.com\/site\/wp-content\/uploads\/2016\/10\/Boda-en-Restaurante-Perla-en-Hotel-La-Concha-24.jpg\" alt=\"boda-en-restaurante-perla-en-hotel-la-concha-24\" width=\"960\" height=\"588\" src=\"data:image\/gif;base64,R0lGODlhAQABAAAAACH5BAEKAAEALAAAAAABAAEAAAICTAEAOw==\" style=\"--smush-placeholder-width: 960px; --smush-placeholder-aspect-ratio: 960\/588;\"><img decoding=\"async\" class=\"aligncenter size-full wp-image-14209 lazyload\" data-src=\"http:\/\/www.kerenphotography.com\/site\/wp-content\/uploads\/2016\/10\/Boda-en-Restaurante-Perla-en-Hotel-La-Concha-25.jpg\" alt=\"boda-en-restaurante-perla-en-hotel-la-concha-25\" width=\"960\" height=\"639\" src=\"data:image\/gif;base64,R0lGODlhAQABAAAAACH5BAEKAAEALAAAAAABAAEAAAICTAEAOw==\" style=\"--smush-placeholder-width: 960px; --smush-placeholder-aspect-ratio: 960\/639;\"><\/p>\n","protected":false},"excerpt":{"rendered":"<p>Elegante Boda en Restaurante Perla, La Concha Melissa y Eric sin duda alguna una de las parejas m\u00e1s dulces que a pasado por nuestro lente! &nbsp;Cada detalle escogido con tanto esmero hacen que su boda sea una inolvidable. El arreglo de la novia por el artista Javier &nbsp;Moreno y el vestido de la dise\u00f1adora Carolina [&hellip;]<\/p>\n","protected":false},"author":1,"featured_media":15303,"comment_status":"open","ping_status":"open","sticky":false,"template":"","format":"standard","meta":{"footnotes":""},"categories":[2],"tags":[],"class_list":["post-14184","post","type-post","status-publish","format-standard","has-post-thumbnail","hentry","category-bodas"],"_links":{"self":[{"href":"https:\/\/kerenphotography.com\/inicio\/wp-json\/wp\/v2\/posts\/14184","targetHints":{"allow":["GET"]}}],"collection":[{"href":"https:\/\/kerenphotography.com\/inicio\/wp-json\/wp\/v2\/posts"}],"about":[{"href":"https:\/\/kerenphotography.com\/inicio\/wp-json\/wp\/v2\/types\/post"}],"author":[{"embeddable":true,"href":"https:\/\/kerenphotography.com\/inicio\/wp-json\/wp\/v2\/users\/1"}],"replies":[{"embeddable":true,"href":"https:\/\/kerenphotography.com\/inicio\/wp-json\/wp\/v2\/comments?post=14184"}],"version-history":[{"count":1,"href":"https:\/\/kerenphotography.com\/inicio\/wp-json\/wp\/v2\/posts\/14184\/revisions"}],"predecessor-version":[{"id":15305,"href":"https:\/\/kerenphotography.com\/inicio\/wp-json\/wp\/v2\/posts\/14184\/revisions\/15305"}],"wp:featuredmedia":[{"embeddable":true,"href":"https:\/\/kerenphotography.com\/inicio\/wp-json\/wp\/v2\/media\/15303"}],"wp:attachment":[{"href":"https:\/\/kerenphotography.com\/inicio\/wp-json\/wp\/v2\/media?parent=14184"}],"wp:term":[{"taxonomy":"category","embeddable":true,"href":"https:\/\/kerenphotography.com\/inicio\/wp-json\/wp\/v2\/categories?post=14184"},{"taxonomy":"post_tag","embeddable":true,"href":"https:\/\/kerenphotography.com\/inicio\/wp-json\/wp\/v2\/tags?post=14184"}],"curies":[{"name":"wp","href":"https:\/\/api.w.org\/{rel}","templated":true}]}}