{"id":14041,"date":"2016-06-22T16:31:49","date_gmt":"2016-06-22T20:31:49","guid":{"rendered":"http:\/\/www.kerenphotography.com\/site\/?p=14041"},"modified":"2020-04-10T02:17:28","modified_gmt":"2020-04-10T02:17:28","slug":"boda-en-castillo-serralles","status":"publish","type":"post","link":"https:\/\/kerenphotography.com\/inicio\/boda-en-castillo-serralles\/","title":{"rendered":"Boda en Castillo Serrall\u00e9s"},"content":{"rendered":"<p>Boda de Damaris y Daniel en el Castillo Serrall\u00e9s<\/p>\n<p>Llena de detalles... as\u00ed puedo describir la boda de Damaris y Daniel. Comenzamos con un \"First look\" as\u00ed le llamamos a una sesi\u00f3n que podemos hacer antes de la ceremonia en donde ellos pueden tener un momento a solas antes de dar el s\u00ed. La sesi\u00f3n de fotos la hicimos en el hermoso Jard\u00edn Japon\u00e9s all\u00ed tuve ante mi lente una pareja totalmente enamorada que disfrutaba cada segundo de ese d\u00eda especial. &nbsp;Cada minuto estuvo lleno de emociones, nerviosismo, risas y diversi\u00f3n. La ceremonia fue una hermosa y emotiva siendo para ellos muy importante este momento. &nbsp;Luego tuvieron una cena familiar en el Castillo Serrall\u00e9s donde compartieron un momento \u00edntimo junto a sus familiares. &nbsp;Te invito a disfrutar estas fotos!<\/p>\n<p>Keren<\/p>\n<p>Suplidores:<\/p>\n<p>Coordinaci\u00f3n: Yaska Crespo<\/p>\n<p>Vestido de la Novia: Xiomara Ximo<\/p>\n<p>Decoraci\u00f3n: &nbsp;Jennifer Acosta<\/p>\n<p>Etiqueta: Mens Wearhaouse<\/p>\n<p>M\u00fasica: Gerardo Rivera<\/p>\n<p>Bizcocho: CM Cake<\/p>\n<p>Fotos: Keren Photography<\/p>\n<p><img decoding=\"async\" class=\"aligncenter wp-image-14042 size-full lazyload\" data-src=\"http:\/\/www.kerenphotography.com\/site\/wp-content\/uploads\/2016\/06\/Boda-en-Castillo-Serrall\u00e9s-en-Ponce-1.jpg\" alt=\"Boda en Castillo Serrall\u00e9s en Ponce -1\" width=\"7200\" height=\"3600\" src=\"data:image\/gif;base64,R0lGODlhAQABAAAAACH5BAEKAAEALAAAAAABAAEAAAICTAEAOw==\" style=\"--smush-placeholder-width: 7200px; --smush-placeholder-aspect-ratio: 7200\/3600;\"><img decoding=\"async\" class=\"aligncenter wp-image-14048 size-full lazyload\" data-src=\"http:\/\/www.kerenphotography.com\/site\/wp-content\/uploads\/2016\/06\/Boda-en-Castillo-Serrall\u00e9s-en-Ponce-9.jpg\" alt=\"Boda en Castillo Serrall\u00e9s en Ponce -9\" width=\"3209\" height=\"4800\" src=\"data:image\/gif;base64,R0lGODlhAQABAAAAACH5BAEKAAEALAAAAAABAAEAAAICTAEAOw==\" style=\"--smush-placeholder-width: 3209px; --smush-placeholder-aspect-ratio: 3209\/4800;\"><img decoding=\"async\" class=\"aligncenter wp-image-14049 size-full lazyload\" data-src=\"http:\/\/www.kerenphotography.com\/site\/wp-content\/uploads\/2016\/06\/Boda-en-Castillo-Serrall\u00e9s-en-Ponce-10.jpg\" alt=\"Boda en Castillo Serrall\u00e9s en Ponce -10\" width=\"7200\" height=\"2543\" src=\"data:image\/gif;base64,R0lGODlhAQABAAAAACH5BAEKAAEALAAAAAABAAEAAAICTAEAOw==\" style=\"--smush-placeholder-width: 7200px; --smush-placeholder-aspect-ratio: 7200\/2543;\"><img decoding=\"async\" class=\"aligncenter wp-image-14050 size-full lazyload\" data-src=\"http:\/\/www.kerenphotography.com\/site\/wp-content\/uploads\/2016\/06\/Boda-en-Castillo-Serrall\u00e9s-en-Ponce-11.jpg\" alt=\"Boda en Castillo Serrall\u00e9s en Ponce -11\" width=\"3209\" height=\"4800\" src=\"data:image\/gif;base64,R0lGODlhAQABAAAAACH5BAEKAAEALAAAAAABAAEAAAICTAEAOw==\" style=\"--smush-placeholder-width: 3209px; --smush-placeholder-aspect-ratio: 3209\/4800;\"><img decoding=\"async\" class=\"aligncenter wp-image-14052 size-full lazyload\" data-src=\"http:\/\/www.kerenphotography.com\/site\/wp-content\/uploads\/2016\/06\/Boda-en-Castillo-Serrall\u00e9s-en-Ponce-13.jpg\" alt=\"Boda en Castillo Serrall\u00e9s en Ponce -13\" width=\"3209\" height=\"4800\" src=\"data:image\/gif;base64,R0lGODlhAQABAAAAACH5BAEKAAEALAAAAAABAAEAAAICTAEAOw==\" style=\"--smush-placeholder-width: 3209px; --smush-placeholder-aspect-ratio: 3209\/4800;\"><img decoding=\"async\" class=\"aligncenter wp-image-14053 size-full lazyload\" data-src=\"http:\/\/www.kerenphotography.com\/site\/wp-content\/uploads\/2016\/06\/Boda-en-Castillo-Serrall\u00e9s-en-Ponce-14.jpg\" alt=\"Boda en Castillo Serrall\u00e9s en Ponce -14\" width=\"3209\" height=\"4800\" src=\"data:image\/gif;base64,R0lGODlhAQABAAAAACH5BAEKAAEALAAAAAABAAEAAAICTAEAOw==\" style=\"--smush-placeholder-width: 3209px; --smush-placeholder-aspect-ratio: 3209\/4800;\"><img decoding=\"async\" class=\"aligncenter wp-image-14055 size-full lazyload\" data-src=\"http:\/\/www.kerenphotography.com\/site\/wp-content\/uploads\/2016\/06\/Boda-en-Castillo-Serrall\u00e9s-en-Ponce-16.jpg\" alt=\"Boda en Castillo Serrall\u00e9s en Ponce -16\" width=\"7200\" height=\"2400\" src=\"data:image\/gif;base64,R0lGODlhAQABAAAAACH5BAEKAAEALAAAAAABAAEAAAICTAEAOw==\" style=\"--smush-placeholder-width: 7200px; --smush-placeholder-aspect-ratio: 7200\/2400;\"><img decoding=\"async\" class=\"aligncenter wp-image-14056 size-full lazyload\" data-src=\"http:\/\/www.kerenphotography.com\/site\/wp-content\/uploads\/2016\/06\/Boda-en-Castillo-Serrall\u00e9s-en-Ponce-17.jpg\" alt=\"Boda en Castillo Serrall\u00e9s en Ponce -17\" width=\"3209\" height=\"4800\" src=\"data:image\/gif;base64,R0lGODlhAQABAAAAACH5BAEKAAEALAAAAAABAAEAAAICTAEAOw==\" style=\"--smush-placeholder-width: 3209px; --smush-placeholder-aspect-ratio: 3209\/4800;\"><img decoding=\"async\" class=\"aligncenter wp-image-14057 size-full lazyload\" data-src=\"http:\/\/www.kerenphotography.com\/site\/wp-content\/uploads\/2016\/06\/Boda-en-Castillo-Serrall\u00e9s-en-Ponce-18.jpg\" alt=\"Boda en Castillo Serrall\u00e9s en Ponce -18\" width=\"6409\" height=\"4800\" src=\"data:image\/gif;base64,R0lGODlhAQABAAAAACH5BAEKAAEALAAAAAABAAEAAAICTAEAOw==\" style=\"--smush-placeholder-width: 6409px; --smush-placeholder-aspect-ratio: 6409\/4800;\"><img decoding=\"async\" class=\"aligncenter wp-image-14058 size-full lazyload\" data-src=\"http:\/\/www.kerenphotography.com\/site\/wp-content\/uploads\/2016\/06\/Boda-en-Castillo-Serrall\u00e9s-en-Ponce-19.jpg\" alt=\"Boda en Castillo Serrall\u00e9s en Ponce -19\" width=\"7200\" height=\"1965\" src=\"data:image\/gif;base64,R0lGODlhAQABAAAAACH5BAEKAAEALAAAAAABAAEAAAICTAEAOw==\" style=\"--smush-placeholder-width: 7200px; --smush-placeholder-aspect-ratio: 7200\/1965;\"><img decoding=\"async\" class=\"aligncenter wp-image-14059 size-full lazyload\" data-src=\"http:\/\/www.kerenphotography.com\/site\/wp-content\/uploads\/2016\/06\/Boda-en-Castillo-Serrall\u00e9s-en-Ponce-21.jpg\" alt=\"Boda en Castillo Serrall\u00e9s en Ponce -21\" width=\"7200\" height=\"4553\" src=\"data:image\/gif;base64,R0lGODlhAQABAAAAACH5BAEKAAEALAAAAAABAAEAAAICTAEAOw==\" style=\"--smush-placeholder-width: 7200px; --smush-placeholder-aspect-ratio: 7200\/4553;\"><img decoding=\"async\" class=\"aligncenter wp-image-14062 size-full lazyload\" data-src=\"http:\/\/www.kerenphotography.com\/site\/wp-content\/uploads\/2016\/06\/Boda-en-Castillo-Serrall\u00e9s-en-Ponce-24.jpg\" alt=\"Boda en Castillo Serrall\u00e9s en Ponce -24\" width=\"7200\" height=\"4793\" src=\"data:image\/gif;base64,R0lGODlhAQABAAAAACH5BAEKAAEALAAAAAABAAEAAAICTAEAOw==\" style=\"--smush-placeholder-width: 7200px; --smush-placeholder-aspect-ratio: 7200\/4793;\"><img decoding=\"async\" class=\"aligncenter wp-image-14061 size-full lazyload\" data-src=\"http:\/\/www.kerenphotography.com\/site\/wp-content\/uploads\/2016\/06\/Boda-en-Castillo-Serrall\u00e9s-en-Ponce-23.jpg\" alt=\"Boda en Castillo Serrall\u00e9s en Ponce -23\" width=\"3209\" height=\"4800\" src=\"data:image\/gif;base64,R0lGODlhAQABAAAAACH5BAEKAAEALAAAAAABAAEAAAICTAEAOw==\" style=\"--smush-placeholder-width: 3209px; --smush-placeholder-aspect-ratio: 3209\/4800;\"><img decoding=\"async\" class=\"aligncenter wp-image-14060 size-full lazyload\" data-src=\"http:\/\/www.kerenphotography.com\/site\/wp-content\/uploads\/2016\/06\/Boda-en-Castillo-Serrall\u00e9s-en-Ponce-22.jpg\" alt=\"Boda en Castillo Serrall\u00e9s en Ponce -22\" width=\"7200\" height=\"4793\" src=\"data:image\/gif;base64,R0lGODlhAQABAAAAACH5BAEKAAEALAAAAAABAAEAAAICTAEAOw==\" style=\"--smush-placeholder-width: 7200px; --smush-placeholder-aspect-ratio: 7200\/4793;\"><img decoding=\"async\" class=\"aligncenter wp-image-14063 size-full lazyload\" data-src=\"http:\/\/www.kerenphotography.com\/site\/wp-content\/uploads\/2016\/06\/Boda-en-Castillo-Serrall\u00e9s-en-Ponce-25.jpg\" alt=\"Boda en Castillo Serrall\u00e9s en Ponce -25\" width=\"7200\" height=\"1965\" src=\"data:image\/gif;base64,R0lGODlhAQABAAAAACH5BAEKAAEALAAAAAABAAEAAAICTAEAOw==\" style=\"--smush-placeholder-width: 7200px; --smush-placeholder-aspect-ratio: 7200\/1965;\"><img decoding=\"async\" class=\"aligncenter wp-image-14064 size-full lazyload\" data-src=\"http:\/\/www.kerenphotography.com\/site\/wp-content\/uploads\/2016\/06\/Boda-en-Castillo-Serrall\u00e9s-en-Ponce-26.jpg\" alt=\"Boda en Castillo Serrall\u00e9s en Ponce -26\" width=\"7200\" height=\"2400\" src=\"data:image\/gif;base64,R0lGODlhAQABAAAAACH5BAEKAAEALAAAAAABAAEAAAICTAEAOw==\" style=\"--smush-placeholder-width: 7200px; --smush-placeholder-aspect-ratio: 7200\/2400;\"><img decoding=\"async\" class=\"aligncenter wp-image-14066 size-full lazyload\" data-src=\"http:\/\/www.kerenphotography.com\/site\/wp-content\/uploads\/2016\/06\/Boda-en-Castillo-Serrall\u00e9s-en-Ponce-28.jpg\" alt=\"Boda en Castillo Serrall\u00e9s en Ponce -28\" width=\"3209\" height=\"4800\" src=\"data:image\/gif;base64,R0lGODlhAQABAAAAACH5BAEKAAEALAAAAAABAAEAAAICTAEAOw==\" style=\"--smush-placeholder-width: 3209px; --smush-placeholder-aspect-ratio: 3209\/4800;\"><img decoding=\"async\" class=\"aligncenter wp-image-14068 size-full lazyload\" data-src=\"http:\/\/www.kerenphotography.com\/site\/wp-content\/uploads\/2016\/06\/Boda-en-Castillo-Serrall\u00e9s-en-Ponce-30.jpg\" alt=\"Boda en Castillo Serrall\u00e9s en Ponce -30\" width=\"7200\" height=\"4793\" src=\"data:image\/gif;base64,R0lGODlhAQABAAAAACH5BAEKAAEALAAAAAABAAEAAAICTAEAOw==\" style=\"--smush-placeholder-width: 7200px; --smush-placeholder-aspect-ratio: 7200\/4793;\"><img decoding=\"async\" class=\"aligncenter wp-image-14043 size-full lazyload\" data-src=\"http:\/\/www.kerenphotography.com\/site\/wp-content\/uploads\/2016\/06\/Boda-en-Castillo-Serrall\u00e9s-en-Ponce-2.jpg\" alt=\"Boda en Castillo Serrall\u00e9s en Ponce -2\" width=\"7200\" height=\"4200\" src=\"data:image\/gif;base64,R0lGODlhAQABAAAAACH5BAEKAAEALAAAAAABAAEAAAICTAEAOw==\" style=\"--smush-placeholder-width: 7200px; --smush-placeholder-aspect-ratio: 7200\/4200;\"><img decoding=\"async\" class=\"aligncenter wp-image-14044 size-full lazyload\" data-src=\"http:\/\/www.kerenphotography.com\/site\/wp-content\/uploads\/2016\/06\/Boda-en-Castillo-Serrall\u00e9s-en-Ponce-3.jpg\" alt=\"Boda en Castillo Serrall\u00e9s en Ponce -3\" width=\"7200\" height=\"4403\" src=\"data:image\/gif;base64,R0lGODlhAQABAAAAACH5BAEKAAEALAAAAAABAAEAAAICTAEAOw==\" style=\"--smush-placeholder-width: 7200px; --smush-placeholder-aspect-ratio: 7200\/4403;\"><img decoding=\"async\" class=\"aligncenter wp-image-14071 size-full lazyload\" data-src=\"http:\/\/www.kerenphotography.com\/site\/wp-content\/uploads\/2016\/06\/Boda-en-Castillo-Serrall\u00e9s-en-Ponce-33.jpg\" alt=\"Boda en Castillo Serrall\u00e9s en Ponce -33\" width=\"7200\" height=\"2700\" src=\"data:image\/gif;base64,R0lGODlhAQABAAAAACH5BAEKAAEALAAAAAABAAEAAAICTAEAOw==\" style=\"--smush-placeholder-width: 7200px; --smush-placeholder-aspect-ratio: 7200\/2700;\"><img decoding=\"async\" class=\"aligncenter wp-image-14072 size-full lazyload\" data-src=\"http:\/\/www.kerenphotography.com\/site\/wp-content\/uploads\/2016\/06\/Boda-en-Castillo-Serrall\u00e9s-en-Ponce-34.jpg\" alt=\"Boda en Castillo Serrall\u00e9s en Ponce -34\" width=\"7200\" height=\"3322\" src=\"data:image\/gif;base64,R0lGODlhAQABAAAAACH5BAEKAAEALAAAAAABAAEAAAICTAEAOw==\" style=\"--smush-placeholder-width: 7200px; --smush-placeholder-aspect-ratio: 7200\/3322;\"><img decoding=\"async\" class=\"aligncenter wp-image-14074 size-full lazyload\" data-src=\"http:\/\/www.kerenphotography.com\/site\/wp-content\/uploads\/2016\/06\/Boda-en-Castillo-Serrall\u00e9s-en-Ponce-36.jpg\" alt=\"Boda en Castillo Serrall\u00e9s en Ponce -36\" width=\"7200\" height=\"2543\" src=\"data:image\/gif;base64,R0lGODlhAQABAAAAACH5BAEKAAEALAAAAAABAAEAAAICTAEAOw==\" style=\"--smush-placeholder-width: 7200px; --smush-placeholder-aspect-ratio: 7200\/2543;\"><img decoding=\"async\" class=\"aligncenter wp-image-14045 size-full lazyload\" data-src=\"http:\/\/www.kerenphotography.com\/site\/wp-content\/uploads\/2016\/06\/Boda-en-Castillo-Serrall\u00e9s-en-Ponce-4.jpg\" alt=\"Boda en Castillo Serrall\u00e9s en Ponce -4\" width=\"2882\" height=\"4800\" src=\"data:image\/gif;base64,R0lGODlhAQABAAAAACH5BAEKAAEALAAAAAABAAEAAAICTAEAOw==\" style=\"--smush-placeholder-width: 2882px; --smush-placeholder-aspect-ratio: 2882\/4800;\"><img decoding=\"async\" class=\"aligncenter wp-image-14047 size-full lazyload\" data-src=\"http:\/\/www.kerenphotography.com\/site\/wp-content\/uploads\/2016\/06\/Boda-en-Castillo-Serrall\u00e9s-en-Ponce-6.jpg\" alt=\"Boda en Castillo Serrall\u00e9s en Ponce -6\" width=\"7200\" height=\"4793\" src=\"data:image\/gif;base64,R0lGODlhAQABAAAAACH5BAEKAAEALAAAAAABAAEAAAICTAEAOw==\" style=\"--smush-placeholder-width: 7200px; --smush-placeholder-aspect-ratio: 7200\/4793;\"><img decoding=\"async\" class=\"aligncenter wp-image-14046 size-full lazyload\" data-src=\"http:\/\/www.kerenphotography.com\/site\/wp-content\/uploads\/2016\/06\/Boda-en-Castillo-Serrall\u00e9s-en-Ponce-5.jpg\" alt=\"Boda en Castillo Serrall\u00e9s en Ponce -5\" width=\"3209\" height=\"4800\" src=\"data:image\/gif;base64,R0lGODlhAQABAAAAACH5BAEKAAEALAAAAAABAAEAAAICTAEAOw==\" style=\"--smush-placeholder-width: 3209px; --smush-placeholder-aspect-ratio: 3209\/4800;\"><\/p>\n","protected":false},"excerpt":{"rendered":"<p>Boda de Damaris y Daniel en el Castillo Serrall\u00e9s Llena de detalles... as\u00ed puedo describir la boda de Damaris y Daniel. Comenzamos con un \"First look\" as\u00ed le llamamos a una sesi\u00f3n que podemos hacer antes de la ceremonia en donde ellos pueden tener un momento a solas antes de dar el s\u00ed. La sesi\u00f3n [&hellip;]<\/p>\n","protected":false},"author":1,"featured_media":15298,"comment_status":"open","ping_status":"open","sticky":false,"template":"","format":"standard","meta":{"footnotes":""},"categories":[1],"tags":[],"class_list":["post-14041","post","type-post","status-publish","format-standard","has-post-thumbnail","hentry","category-uncategorized"],"_links":{"self":[{"href":"https:\/\/kerenphotography.com\/inicio\/wp-json\/wp\/v2\/posts\/14041","targetHints":{"allow":["GET"]}}],"collection":[{"href":"https:\/\/kerenphotography.com\/inicio\/wp-json\/wp\/v2\/posts"}],"about":[{"href":"https:\/\/kerenphotography.com\/inicio\/wp-json\/wp\/v2\/types\/post"}],"author":[{"embeddable":true,"href":"https:\/\/kerenphotography.com\/inicio\/wp-json\/wp\/v2\/users\/1"}],"replies":[{"embeddable":true,"href":"https:\/\/kerenphotography.com\/inicio\/wp-json\/wp\/v2\/comments?post=14041"}],"version-history":[{"count":1,"href":"https:\/\/kerenphotography.com\/inicio\/wp-json\/wp\/v2\/posts\/14041\/revisions"}],"predecessor-version":[{"id":15299,"href":"https:\/\/kerenphotography.com\/inicio\/wp-json\/wp\/v2\/posts\/14041\/revisions\/15299"}],"wp:featuredmedia":[{"embeddable":true,"href":"https:\/\/kerenphotography.com\/inicio\/wp-json\/wp\/v2\/media\/15298"}],"wp:attachment":[{"href":"https:\/\/kerenphotography.com\/inicio\/wp-json\/wp\/v2\/media?parent=14041"}],"wp:term":[{"taxonomy":"category","embeddable":true,"href":"https:\/\/kerenphotography.com\/inicio\/wp-json\/wp\/v2\/categories?post=14041"},{"taxonomy":"post_tag","embeddable":true,"href":"https:\/\/kerenphotography.com\/inicio\/wp-json\/wp\/v2\/tags?post=14041"}],"curies":[{"name":"wp","href":"https:\/\/api.w.org\/{rel}","templated":true}]}}