{"id":14002,"date":"2016-06-15T11:12:11","date_gmt":"2016-06-15T15:12:11","guid":{"rendered":"http:\/\/www.kerenphotography.com\/site\/?p=14002"},"modified":"2020-04-10T02:14:31","modified_gmt":"2020-04-10T02:14:31","slug":"tu-boda-en-un-velero-una-alternativa-romantica","status":"publish","type":"post","link":"https:\/\/kerenphotography.com\/inicio\/tu-boda-en-un-velero-una-alternativa-romantica\/","title":{"rendered":"Tu Boda en un Velero... Una alternativa rom\u00e1ntica."},"content":{"rendered":"<p style=\"text-align: left;\">&nbsp;Tu boda en un Velero...Una alternativa distinta.<\/p>\n<p>Me<del><\/del> encanta&nbsp;compartir con ustedes conceptos diferentes de bodas y como estamos en esta \u00e9poca de verano tan popular quiero mostrarles &nbsp;este maravilloso shooting que hice en San Juan, Puerto Rico en el Velero Amazing Grace. Las bodas en verano siempre est\u00e1n de moda pero... Quieres que tu boda se destaque? &nbsp;Si buscas un estilo al aire libre, &nbsp;viento, vela, rom\u00e1nce y te gusta ser distinta y creativa esta puede ser tu opci\u00f3n. &nbsp;Quiero destacar el excelente servicio por parte de la tripulaci\u00f3n del Amazing Grace, la hermosa y original decoraci\u00f3n por el excelente equipo de Eclectik Events y a la revista Esposa Moderna por la publicaci\u00f3n.<\/p>\n<p>Disfruten las fotos...<\/p>\n<p>Keren<\/p>\n<p>Velero: Amazing Grace<\/p>\n<p>Decoraci\u00f3n: Eclectik Events<\/p>\n<p>Papeler\u00eda: CA Invitations<\/p>\n<p>Fotos: Keren Photography<\/p>\n<p>Etiquetas: Leonardos<\/p>\n<p>Trajes de Novia: D' Royal Bride<\/p>\n<p>Maquillaje: Julie Olmos<\/p>\n<p>Peinado: Iv\u00e1n Garc\u00eda<\/p>\n<p><img decoding=\"async\" class=\"aligncenter wp-image-14004 size-full lazyload\" data-src=\"http:\/\/www.kerenphotography.com\/site\/wp-content\/uploads\/2016\/06\/Boda-en-un-velero-en-Puerto-Rico-1.jpg\" alt=\"Boda en un velero en Puerto Rico -1\" width=\"960\" height=\"1568\" src=\"data:image\/gif;base64,R0lGODlhAQABAAAAACH5BAEKAAEALAAAAAABAAEAAAICTAEAOw==\" style=\"--smush-placeholder-width: 960px; --smush-placeholder-aspect-ratio: 960\/1568;\"><img decoding=\"async\" class=\"aligncenter wp-image-14005 size-full lazyload\" data-src=\"http:\/\/www.kerenphotography.com\/site\/wp-content\/uploads\/2016\/06\/Boda-en-un-velero-en-Puerto-Rico-2.jpg\" alt=\"Boda en un velero en Puerto Rico -2\" width=\"960\" height=\"1606\" src=\"data:image\/gif;base64,R0lGODlhAQABAAAAACH5BAEKAAEALAAAAAABAAEAAAICTAEAOw==\" style=\"--smush-placeholder-width: 960px; --smush-placeholder-aspect-ratio: 960\/1606;\"><img decoding=\"async\" class=\"aligncenter size-full wp-image-14006 lazyload\" data-src=\"http:\/\/www.kerenphotography.com\/site\/wp-content\/uploads\/2016\/06\/Boda-en-un-velero-en-Puerto-Rico-3.jpg\" alt=\"Boda en un velero en Puerto Rico -3\" width=\"960\" height=\"684\" src=\"data:image\/gif;base64,R0lGODlhAQABAAAAACH5BAEKAAEALAAAAAABAAEAAAICTAEAOw==\" style=\"--smush-placeholder-width: 960px; --smush-placeholder-aspect-ratio: 960\/684;\"><img decoding=\"async\" class=\"aligncenter size-full wp-image-14007 lazyload\" data-src=\"http:\/\/www.kerenphotography.com\/site\/wp-content\/uploads\/2016\/06\/Boda-en-un-velero-en-Puerto-Rico-4.jpg\" alt=\"Boda en un velero en Puerto Rico -4\" width=\"960\" height=\"467\" src=\"data:image\/gif;base64,R0lGODlhAQABAAAAACH5BAEKAAEALAAAAAABAAEAAAICTAEAOw==\" style=\"--smush-placeholder-width: 960px; --smush-placeholder-aspect-ratio: 960\/467;\"><img decoding=\"async\" class=\"aligncenter size-full wp-image-14008 lazyload\" data-src=\"http:\/\/www.kerenphotography.com\/site\/wp-content\/uploads\/2016\/06\/Boda-en-un-velero-en-Puerto-Rico-5.jpg\" alt=\"Boda en un velero en Puerto Rico -5\" width=\"960\" height=\"714\" src=\"data:image\/gif;base64,R0lGODlhAQABAAAAACH5BAEKAAEALAAAAAABAAEAAAICTAEAOw==\" style=\"--smush-placeholder-width: 960px; --smush-placeholder-aspect-ratio: 960\/714;\"><img decoding=\"async\" class=\"aligncenter wp-image-14009 size-full lazyload\" data-src=\"http:\/\/www.kerenphotography.com\/site\/wp-content\/uploads\/2016\/06\/Boda-en-un-velero-en-Puerto-Rico-6.jpg\" alt=\"Boda en un velero en Puerto Rico -6\" width=\"960\" height=\"1479\" src=\"data:image\/gif;base64,R0lGODlhAQABAAAAACH5BAEKAAEALAAAAAABAAEAAAICTAEAOw==\" style=\"--smush-placeholder-width: 960px; --smush-placeholder-aspect-ratio: 960\/1479;\"><img decoding=\"async\" class=\"aligncenter wp-image-14011 size-full lazyload\" data-src=\"http:\/\/www.kerenphotography.com\/site\/wp-content\/uploads\/2016\/06\/Boda-en-un-velero-en-Puerto-Rico-8.jpg\" alt=\"Boda en un velero en Puerto Rico -8\" width=\"960\" height=\"1436\" src=\"data:image\/gif;base64,R0lGODlhAQABAAAAACH5BAEKAAEALAAAAAABAAEAAAICTAEAOw==\" style=\"--smush-placeholder-width: 960px; --smush-placeholder-aspect-ratio: 960\/1436;\"><img decoding=\"async\" class=\"aligncenter wp-image-14012 size-full lazyload\" data-src=\"http:\/\/www.kerenphotography.com\/site\/wp-content\/uploads\/2016\/06\/Boda-en-un-velero-en-Puerto-Rico-9.jpg\" alt=\"Boda en un velero en Puerto Rico -9\" width=\"960\" height=\"1436\" src=\"data:image\/gif;base64,R0lGODlhAQABAAAAACH5BAEKAAEALAAAAAABAAEAAAICTAEAOw==\" style=\"--smush-placeholder-width: 960px; --smush-placeholder-aspect-ratio: 960\/1436;\"><img decoding=\"async\" class=\"aligncenter size-full wp-image-14013 lazyload\" data-src=\"http:\/\/www.kerenphotography.com\/site\/wp-content\/uploads\/2016\/06\/Boda-en-un-velero-en-Puerto-Rico-10.jpg\" alt=\"Boda en un velero en Puerto Rico -10\" width=\"960\" height=\"507\" src=\"data:image\/gif;base64,R0lGODlhAQABAAAAACH5BAEKAAEALAAAAAABAAEAAAICTAEAOw==\" style=\"--smush-placeholder-width: 960px; --smush-placeholder-aspect-ratio: 960\/507;\"><img decoding=\"async\" class=\"aligncenter wp-image-14014 size-full lazyload\" data-src=\"http:\/\/www.kerenphotography.com\/site\/wp-content\/uploads\/2016\/06\/Boda-en-un-velero-en-Puerto-Rico-11.jpg\" alt=\"Boda en un velero en Puerto Rico -11\" width=\"960\" height=\"1385\" src=\"data:image\/gif;base64,R0lGODlhAQABAAAAACH5BAEKAAEALAAAAAABAAEAAAICTAEAOw==\" style=\"--smush-placeholder-width: 960px; --smush-placeholder-aspect-ratio: 960\/1385;\"><img decoding=\"async\" class=\"aligncenter wp-image-14015 size-full lazyload\" data-src=\"http:\/\/www.kerenphotography.com\/site\/wp-content\/uploads\/2016\/06\/Boda-en-un-velero-en-Puerto-Rico-12.jpg\" alt=\"Boda en un velero en Puerto Rico -12\" width=\"960\" height=\"1401\" src=\"data:image\/gif;base64,R0lGODlhAQABAAAAACH5BAEKAAEALAAAAAABAAEAAAICTAEAOw==\" style=\"--smush-placeholder-width: 960px; --smush-placeholder-aspect-ratio: 960\/1401;\"><img decoding=\"async\" class=\"aligncenter wp-image-14016 size-full lazyload\" data-src=\"http:\/\/www.kerenphotography.com\/site\/wp-content\/uploads\/2016\/06\/Boda-en-un-velero-en-Puerto-Rico-13.jpg\" alt=\"Boda en un velero en Puerto Rico -13\" width=\"960\" height=\"1126\" src=\"data:image\/gif;base64,R0lGODlhAQABAAAAACH5BAEKAAEALAAAAAABAAEAAAICTAEAOw==\" style=\"--smush-placeholder-width: 960px; --smush-placeholder-aspect-ratio: 960\/1126;\"><img decoding=\"async\" class=\"aligncenter wp-image-14017 size-full lazyload\" data-src=\"http:\/\/www.kerenphotography.com\/site\/wp-content\/uploads\/2016\/06\/Boda-en-un-velero-en-Puerto-Rico-14.jpg\" alt=\"Boda en un velero en Puerto Rico -14\" width=\"960\" height=\"1436\" src=\"data:image\/gif;base64,R0lGODlhAQABAAAAACH5BAEKAAEALAAAAAABAAEAAAICTAEAOw==\" style=\"--smush-placeholder-width: 960px; --smush-placeholder-aspect-ratio: 960\/1436;\"><img decoding=\"async\" class=\"aligncenter wp-image-14018 size-full lazyload\" data-src=\"http:\/\/www.kerenphotography.com\/site\/wp-content\/uploads\/2016\/06\/Boda-en-un-velero-en-Puerto-Rico-15.jpg\" alt=\"Boda en un velero en Puerto Rico -15\" width=\"960\" height=\"1682\" src=\"data:image\/gif;base64,R0lGODlhAQABAAAAACH5BAEKAAEALAAAAAABAAEAAAICTAEAOw==\" style=\"--smush-placeholder-width: 960px; --smush-placeholder-aspect-ratio: 960\/1682;\"><img decoding=\"async\" class=\"aligncenter wp-image-14019 size-full lazyload\" data-src=\"http:\/\/www.kerenphotography.com\/site\/wp-content\/uploads\/2016\/06\/Boda-en-un-velero-en-Puerto-Rico-16.jpg\" alt=\"Boda en un velero en Puerto Rico -16\" width=\"960\" height=\"1761\" src=\"data:image\/gif;base64,R0lGODlhAQABAAAAACH5BAEKAAEALAAAAAABAAEAAAICTAEAOw==\" style=\"--smush-placeholder-width: 960px; --smush-placeholder-aspect-ratio: 960\/1761;\"><img decoding=\"async\" class=\"aligncenter wp-image-14020 size-full lazyload\" data-src=\"http:\/\/www.kerenphotography.com\/site\/wp-content\/uploads\/2016\/06\/Boda-en-un-velero-en-Puerto-Rico-17.jpg\" alt=\"Boda en un velero en Puerto Rico -17\" width=\"960\" height=\"1500\" src=\"data:image\/gif;base64,R0lGODlhAQABAAAAACH5BAEKAAEALAAAAAABAAEAAAICTAEAOw==\" style=\"--smush-placeholder-width: 960px; --smush-placeholder-aspect-ratio: 960\/1500;\"><img decoding=\"async\" class=\"aligncenter size-full wp-image-14021 lazyload\" data-src=\"http:\/\/www.kerenphotography.com\/site\/wp-content\/uploads\/2016\/06\/Boda-en-un-velero-en-Puerto-Rico-18.jpg\" alt=\"Boda en un velero en Puerto Rico -18\" width=\"960\" height=\"262\" src=\"data:image\/gif;base64,R0lGODlhAQABAAAAACH5BAEKAAEALAAAAAABAAEAAAICTAEAOw==\" style=\"--smush-placeholder-width: 960px; --smush-placeholder-aspect-ratio: 960\/262;\"><img decoding=\"async\" class=\"aligncenter size-full wp-image-14022 lazyload\" data-src=\"http:\/\/www.kerenphotography.com\/site\/wp-content\/uploads\/2016\/06\/Boda-en-un-velero-en-Puerto-Rico-19.jpg\" alt=\"Boda en un velero en Puerto Rico -19\" width=\"960\" height=\"604\" src=\"data:image\/gif;base64,R0lGODlhAQABAAAAACH5BAEKAAEALAAAAAABAAEAAAICTAEAOw==\" style=\"--smush-placeholder-width: 960px; --smush-placeholder-aspect-ratio: 960\/604;\"><img decoding=\"async\" class=\"aligncenter wp-image-14023 size-full lazyload\" data-src=\"http:\/\/www.kerenphotography.com\/site\/wp-content\/uploads\/2016\/06\/Boda-en-un-velero-en-Puerto-Rico-20.jpg\" alt=\"Boda en un velero en Puerto Rico -20\" width=\"960\" height=\"1436\" src=\"data:image\/gif;base64,R0lGODlhAQABAAAAACH5BAEKAAEALAAAAAABAAEAAAICTAEAOw==\" style=\"--smush-placeholder-width: 960px; --smush-placeholder-aspect-ratio: 960\/1436;\"><img decoding=\"async\" class=\"aligncenter size-full wp-image-14024 lazyload\" data-src=\"http:\/\/www.kerenphotography.com\/site\/wp-content\/uploads\/2016\/06\/Boda-en-un-velero-en-Puerto-Rico-21.jpg\" alt=\"Boda en un velero en Puerto Rico -21\" width=\"960\" height=\"339\" src=\"data:image\/gif;base64,R0lGODlhAQABAAAAACH5BAEKAAEALAAAAAABAAEAAAICTAEAOw==\" style=\"--smush-placeholder-width: 960px; --smush-placeholder-aspect-ratio: 960\/339;\"><img decoding=\"async\" class=\"aligncenter size-full wp-image-14025 lazyload\" data-src=\"http:\/\/www.kerenphotography.com\/site\/wp-content\/uploads\/2016\/06\/Boda-en-un-velero-en-Puerto-Rico-22.jpg\" alt=\"Boda en un velero en Puerto Rico -22\" width=\"960\" height=\"339\" src=\"data:image\/gif;base64,R0lGODlhAQABAAAAACH5BAEKAAEALAAAAAABAAEAAAICTAEAOw==\" style=\"--smush-placeholder-width: 960px; --smush-placeholder-aspect-ratio: 960\/339;\"><img decoding=\"async\" class=\"aligncenter size-full wp-image-14026 lazyload\" data-src=\"http:\/\/www.kerenphotography.com\/site\/wp-content\/uploads\/2016\/06\/Boda-en-un-velero-en-Puerto-Rico-23.jpg\" alt=\"Boda en un velero en Puerto Rico -23\" width=\"960\" height=\"639\" src=\"data:image\/gif;base64,R0lGODlhAQABAAAAACH5BAEKAAEALAAAAAABAAEAAAICTAEAOw==\" style=\"--smush-placeholder-width: 960px; --smush-placeholder-aspect-ratio: 960\/639;\"><img decoding=\"async\" class=\"aligncenter size-full wp-image-14027 lazyload\" data-src=\"http:\/\/www.kerenphotography.com\/site\/wp-content\/uploads\/2016\/06\/Boda-en-un-velero-en-Puerto-Rico-24.jpg\" alt=\"Boda en un velero en Puerto Rico -24\" width=\"960\" height=\"639\" src=\"data:image\/gif;base64,R0lGODlhAQABAAAAACH5BAEKAAEALAAAAAABAAEAAAICTAEAOw==\" style=\"--smush-placeholder-width: 960px; --smush-placeholder-aspect-ratio: 960\/639;\"><img decoding=\"async\" class=\"aligncenter wp-image-14028 size-full lazyload\" data-src=\"http:\/\/www.kerenphotography.com\/site\/wp-content\/uploads\/2016\/06\/Boda-en-un-velero-en-Puerto-Rico-25.jpg\" alt=\"Boda en un velero en Puerto Rico -25\" width=\"960\" height=\"1436\" src=\"data:image\/gif;base64,R0lGODlhAQABAAAAACH5BAEKAAEALAAAAAABAAEAAAICTAEAOw==\" style=\"--smush-placeholder-width: 960px; --smush-placeholder-aspect-ratio: 960\/1436;\"><img decoding=\"async\" class=\"aligncenter wp-image-14029 size-full lazyload\" data-src=\"http:\/\/www.kerenphotography.com\/site\/wp-content\/uploads\/2016\/06\/Boda-en-un-velero-en-Puerto-Rico-26.jpg\" alt=\"Boda en un velero en Puerto Rico -26\" width=\"960\" height=\"1436\" src=\"data:image\/gif;base64,R0lGODlhAQABAAAAACH5BAEKAAEALAAAAAABAAEAAAICTAEAOw==\" style=\"--smush-placeholder-width: 960px; --smush-placeholder-aspect-ratio: 960\/1436;\"><img decoding=\"async\" class=\"aligncenter wp-image-14030 size-full lazyload\" data-src=\"http:\/\/www.kerenphotography.com\/site\/wp-content\/uploads\/2016\/06\/Boda-en-un-velero-en-Puerto-Rico-27.jpg\" alt=\"Boda en un velero en Puerto Rico -27\" width=\"960\" height=\"1436\" src=\"data:image\/gif;base64,R0lGODlhAQABAAAAACH5BAEKAAEALAAAAAABAAEAAAICTAEAOw==\" style=\"--smush-placeholder-width: 960px; --smush-placeholder-aspect-ratio: 960\/1436;\"><img decoding=\"async\" class=\"aligncenter wp-image-14031 size-full lazyload\" data-src=\"http:\/\/www.kerenphotography.com\/site\/wp-content\/uploads\/2016\/06\/Boda-en-un-velero-en-Puerto-Rico-28.jpg\" alt=\"Boda en un velero en Puerto Rico -28\" width=\"960\" height=\"1428\" src=\"data:image\/gif;base64,R0lGODlhAQABAAAAACH5BAEKAAEALAAAAAABAAEAAAICTAEAOw==\" style=\"--smush-placeholder-width: 960px; --smush-placeholder-aspect-ratio: 960\/1428;\"><img decoding=\"async\" class=\"aligncenter wp-image-14032 size-full lazyload\" data-src=\"http:\/\/www.kerenphotography.com\/site\/wp-content\/uploads\/2016\/06\/Boda-en-un-velero-en-Puerto-Rico-29.jpg\" alt=\"Boda en un velero en Puerto Rico -29\" width=\"960\" height=\"1746\" src=\"data:image\/gif;base64,R0lGODlhAQABAAAAACH5BAEKAAEALAAAAAABAAEAAAICTAEAOw==\" style=\"--smush-placeholder-width: 960px; --smush-placeholder-aspect-ratio: 960\/1746;\"><img decoding=\"async\" class=\"aligncenter wp-image-14033 size-full lazyload\" data-src=\"http:\/\/www.kerenphotography.com\/site\/wp-content\/uploads\/2016\/06\/Boda-en-un-velero-en-Puerto-Rico-30.jpg\" alt=\"Boda en un velero en Puerto Rico -30\" width=\"960\" height=\"1547\" src=\"data:image\/gif;base64,R0lGODlhAQABAAAAACH5BAEKAAEALAAAAAABAAEAAAICTAEAOw==\" style=\"--smush-placeholder-width: 960px; --smush-placeholder-aspect-ratio: 960\/1547;\"><\/p>\n","protected":false},"excerpt":{"rendered":"<p>&nbsp;Tu boda en un Velero...Una alternativa distinta. Me encanta&nbsp;compartir con ustedes conceptos diferentes de bodas y como estamos en esta \u00e9poca de verano tan popular quiero mostrarles &nbsp;este maravilloso shooting que hice en San Juan, Puerto Rico en el Velero Amazing Grace. Las bodas en verano siempre est\u00e1n de moda pero... Quieres que tu boda [&hellip;]<\/p>\n","protected":false},"author":1,"featured_media":15295,"comment_status":"open","ping_status":"open","sticky":false,"template":"","format":"standard","meta":{"footnotes":""},"categories":[1],"tags":[],"class_list":["post-14002","post","type-post","status-publish","format-standard","has-post-thumbnail","hentry","category-uncategorized"],"_links":{"self":[{"href":"https:\/\/kerenphotography.com\/inicio\/wp-json\/wp\/v2\/posts\/14002","targetHints":{"allow":["GET"]}}],"collection":[{"href":"https:\/\/kerenphotography.com\/inicio\/wp-json\/wp\/v2\/posts"}],"about":[{"href":"https:\/\/kerenphotography.com\/inicio\/wp-json\/wp\/v2\/types\/post"}],"author":[{"embeddable":true,"href":"https:\/\/kerenphotography.com\/inicio\/wp-json\/wp\/v2\/users\/1"}],"replies":[{"embeddable":true,"href":"https:\/\/kerenphotography.com\/inicio\/wp-json\/wp\/v2\/comments?post=14002"}],"version-history":[{"count":1,"href":"https:\/\/kerenphotography.com\/inicio\/wp-json\/wp\/v2\/posts\/14002\/revisions"}],"predecessor-version":[{"id":15297,"href":"https:\/\/kerenphotography.com\/inicio\/wp-json\/wp\/v2\/posts\/14002\/revisions\/15297"}],"wp:featuredmedia":[{"embeddable":true,"href":"https:\/\/kerenphotography.com\/inicio\/wp-json\/wp\/v2\/media\/15295"}],"wp:attachment":[{"href":"https:\/\/kerenphotography.com\/inicio\/wp-json\/wp\/v2\/media?parent=14002"}],"wp:term":[{"taxonomy":"category","embeddable":true,"href":"https:\/\/kerenphotography.com\/inicio\/wp-json\/wp\/v2\/categories?post=14002"},{"taxonomy":"post_tag","embeddable":true,"href":"https:\/\/kerenphotography.com\/inicio\/wp-json\/wp\/v2\/tags?post=14002"}],"curies":[{"name":"wp","href":"https:\/\/api.w.org\/{rel}","templated":true}]}}