{"id":13767,"date":"2016-04-26T17:10:50","date_gmt":"2016-04-26T21:10:50","guid":{"rendered":"http:\/\/www.kerenphotography.com\/site\/?p=13767"},"modified":"2020-04-10T02:12:52","modified_gmt":"2020-04-10T02:12:52","slug":"elegante-boda-en-el-hotel-san-juan","status":"publish","type":"post","link":"https:\/\/kerenphotography.com\/inicio\/elegante-boda-en-el-hotel-san-juan\/","title":{"rendered":"Un sue\u00f1o de Boda en el Hotel San Juan"},"content":{"rendered":"<p>Encantadores... es la palabra que llega a mi mente cuando estoy trabajando las fotos de Kristal y Francisco. &nbsp;La boda de esta pareja tan bella tuvo lugar en el hermoso Hotel San Juan. &nbsp;Llegu\u00e9 a la habitaci\u00f3n del novio temprano para documentar su preparaci\u00f3n junto a sus amigos y que bien lo pasamos, encontr\u00e9 a Francisco muy acompa\u00f1ado y pasando bien sus \u00faltimas horas de soltero. &nbsp;Seguido llegue a la suite del hotel donde estaba Kristal junto a su mam\u00e1 y damas el ambiente uno alegre y lleno de emociones. &nbsp; Tengo que decir que cada detalle que tom\u00e9 me cautivo, desde la reacci\u00f3n de su pap\u00e1 al verla por primera vez hasta cada mirada t\u00edmida que se daban durante la ceremonia. Esta boda tuvo algo especial que deleito a todos los invitados durante el cocktail ya que se encontraba una hermosa obra de arte pintada por el art\u00edsta Jos\u00e9 \u00d1eco Vel\u00e1zquez. La elegante recepci\u00f3n magistralmente decorada por Akua y el bizcocho simplemente una obra de arte de CM Cake designer. &nbsp;Tengo que destacar la perfecta coordinacion de Barbar\u00e1 D\u00edaz la cual cuid\u00f3 cada detalle junto a cada suplidor para que todo estuviera perfecto. &nbsp;Un sue\u00f1o as\u00ed puedo describir la boda de Kristal y Francisco. &nbsp;Espero disfruten cada foto y puedan transportarse a ese hermoso d\u00eda...<\/p>\n<p>Gracias siempre por leerme...muy agradecida,<\/p>\n<p>Keren xoxo<\/p>\n<p>Coordinaci\u00f3n: Babi D\u00edaz<\/p>\n<p>Tocado: Eva Guadalupe<\/p>\n<p>Venue: Hotel San Juan<\/p>\n<p>Decoraci\u00f3n: Akua<\/p>\n<p>Bizcocho: CM Cake<\/p>\n<p>Pleneros y Entretenimiento: Sak<\/p>\n<p>M\u00fasica: Cuenta Regresiva<\/p>\n<p>Dj: Mauricio Passalli<\/p>\n<p>Pintura: Jos\u00e9 \u00d1eco Vel\u00e1zquez<\/p>\n<p>Fotos: Keren Photography<\/p>\n<p>Video: Wilo<\/p>\n<p>&nbsp;<\/p>\n<p><img decoding=\"async\" class=\"aligncenter wp-image-13768 size-large lazyload\" data-src=\"http:\/\/www.kerenphotography.com\/site\/wp-content\/uploads\/2016\/04\/Boda-en-el-Hotel-San-Juan-1-1024x338.jpg\" alt=\"Boda en el Hotel San Juan -1\" width=\"669\" height=\"221\" src=\"data:image\/gif;base64,R0lGODlhAQABAAAAACH5BAEKAAEALAAAAAABAAEAAAICTAEAOw==\" style=\"--smush-placeholder-width: 669px; --smush-placeholder-aspect-ratio: 669\/221;\"> <img decoding=\"async\" class=\"aligncenter wp-image-13769 size-large lazyload\" data-src=\"http:\/\/www.kerenphotography.com\/site\/wp-content\/uploads\/2016\/04\/Boda-en-el-Hotel-San-Juan-2-615x1024.jpg\" alt=\"Boda en el Hotel San Juan -2\" width=\"615\" height=\"1024\" src=\"data:image\/gif;base64,R0lGODlhAQABAAAAACH5BAEKAAEALAAAAAABAAEAAAICTAEAOw==\" style=\"--smush-placeholder-width: 615px; --smush-placeholder-aspect-ratio: 615\/1024;\"> <img decoding=\"async\" class=\"aligncenter wp-image-13770 size-large lazyload\" data-src=\"http:\/\/www.kerenphotography.com\/site\/wp-content\/uploads\/2016\/04\/Boda-en-el-Hotel-San-Juan-3-1024x512.jpg\" alt=\"Boda en el Hotel San Juan -3\" width=\"669\" height=\"335\" src=\"data:image\/gif;base64,R0lGODlhAQABAAAAACH5BAEKAAEALAAAAAABAAEAAAICTAEAOw==\" style=\"--smush-placeholder-width: 669px; --smush-placeholder-aspect-ratio: 669\/335;\"> <img decoding=\"async\" class=\"aligncenter wp-image-13771 size-large lazyload\" data-src=\"http:\/\/www.kerenphotography.com\/site\/wp-content\/uploads\/2016\/04\/Boda-en-el-Hotel-San-Juan-4-1024x603.jpg\" alt=\"Boda en el Hotel San Juan -4\" width=\"669\" height=\"394\" src=\"data:image\/gif;base64,R0lGODlhAQABAAAAACH5BAEKAAEALAAAAAABAAEAAAICTAEAOw==\" style=\"--smush-placeholder-width: 669px; --smush-placeholder-aspect-ratio: 669\/394;\"><img decoding=\"async\" class=\"aligncenter wp-image-13772 size-large lazyload\" data-src=\"http:\/\/www.kerenphotography.com\/site\/wp-content\/uploads\/2016\/04\/Boda-en-el-Hotel-San-Juan-5-775x1024.jpg\" alt=\"Boda en el Hotel San Juan -5\" width=\"669\" height=\"884\" src=\"data:image\/gif;base64,R0lGODlhAQABAAAAACH5BAEKAAEALAAAAAABAAEAAAICTAEAOw==\" style=\"--smush-placeholder-width: 669px; --smush-placeholder-aspect-ratio: 669\/884;\"> <img decoding=\"async\" class=\"aligncenter wp-image-13773 size-large lazyload\" data-src=\"http:\/\/www.kerenphotography.com\/site\/wp-content\/uploads\/2016\/04\/Boda-en-el-Hotel-San-Juan-6-1024x322.jpg\" alt=\"Boda en el Hotel San Juan -6\" width=\"669\" height=\"210\" src=\"data:image\/gif;base64,R0lGODlhAQABAAAAACH5BAEKAAEALAAAAAABAAEAAAICTAEAOw==\" style=\"--smush-placeholder-width: 669px; --smush-placeholder-aspect-ratio: 669\/210;\"><img decoding=\"async\" class=\"aligncenter wp-image-13775 size-large lazyload\" data-src=\"http:\/\/www.kerenphotography.com\/site\/wp-content\/uploads\/2016\/04\/Boda-en-el-Hotel-San-Juan-8-646x1024.jpg\" alt=\"Boda en el Hotel San Juan -8\" width=\"646\" height=\"1024\" src=\"data:image\/gif;base64,R0lGODlhAQABAAAAACH5BAEKAAEALAAAAAABAAEAAAICTAEAOw==\" style=\"--smush-placeholder-width: 646px; --smush-placeholder-aspect-ratio: 646\/1024;\"><img decoding=\"async\" class=\"aligncenter size-large wp-image-13774 lazyload\" data-src=\"http:\/\/www.kerenphotography.com\/site\/wp-content\/uploads\/2016\/04\/Boda-en-el-Hotel-San-Juan-7-1024x341.jpg\" alt=\"Boda en el Hotel San Juan -7\" width=\"669\" height=\"223\" src=\"data:image\/gif;base64,R0lGODlhAQABAAAAACH5BAEKAAEALAAAAAABAAEAAAICTAEAOw==\" style=\"--smush-placeholder-width: 669px; --smush-placeholder-aspect-ratio: 669\/223;\"><img decoding=\"async\" class=\"aligncenter size-large wp-image-13776 lazyload\" data-src=\"http:\/\/www.kerenphotography.com\/site\/wp-content\/uploads\/2016\/04\/Boda-en-el-Hotel-San-Juan-9-1024x472.jpg\" alt=\"Boda en el Hotel San Juan -9\" width=\"669\" height=\"308\" src=\"data:image\/gif;base64,R0lGODlhAQABAAAAACH5BAEKAAEALAAAAAABAAEAAAICTAEAOw==\" style=\"--smush-placeholder-width: 669px; --smush-placeholder-aspect-ratio: 669\/308;\"><img decoding=\"async\" class=\"aligncenter size-large wp-image-13777 lazyload\" data-src=\"http:\/\/www.kerenphotography.com\/site\/wp-content\/uploads\/2016\/04\/Boda-en-el-Hotel-San-Juan-10-685x1024.jpg\" alt=\"Boda en el Hotel San Juan -10\" width=\"669\" height=\"1000\" src=\"data:image\/gif;base64,R0lGODlhAQABAAAAACH5BAEKAAEALAAAAAABAAEAAAICTAEAOw==\" style=\"--smush-placeholder-width: 669px; --smush-placeholder-aspect-ratio: 669\/1000;\"><img decoding=\"async\" class=\"aligncenter size-large wp-image-13778 lazyload\" data-src=\"http:\/\/www.kerenphotography.com\/site\/wp-content\/uploads\/2016\/04\/Boda-en-el-Hotel-San-Juan-11-1024x682.jpg\" alt=\"Boda en el Hotel San Juan -11\" width=\"669\" height=\"446\" src=\"data:image\/gif;base64,R0lGODlhAQABAAAAACH5BAEKAAEALAAAAAABAAEAAAICTAEAOw==\" style=\"--smush-placeholder-width: 669px; --smush-placeholder-aspect-ratio: 669\/446;\"><img decoding=\"async\" class=\"aligncenter size-large wp-image-13779 lazyload\" data-src=\"http:\/\/www.kerenphotography.com\/site\/wp-content\/uploads\/2016\/04\/Boda-en-el-Hotel-San-Juan-12-1024x329.jpg\" alt=\"Boda en el Hotel San Juan -12\" width=\"669\" height=\"215\" src=\"data:image\/gif;base64,R0lGODlhAQABAAAAACH5BAEKAAEALAAAAAABAAEAAAICTAEAOw==\" style=\"--smush-placeholder-width: 669px; --smush-placeholder-aspect-ratio: 669\/215;\"><img decoding=\"async\" class=\"aligncenter size-large wp-image-13780 lazyload\" data-src=\"http:\/\/www.kerenphotography.com\/site\/wp-content\/uploads\/2016\/04\/Boda-en-el-Hotel-San-Juan-13-1024x756.jpg\" alt=\"Boda en el Hotel San Juan -13\" width=\"669\" height=\"494\" src=\"data:image\/gif;base64,R0lGODlhAQABAAAAACH5BAEKAAEALAAAAAABAAEAAAICTAEAOw==\" style=\"--smush-placeholder-width: 669px; --smush-placeholder-aspect-ratio: 669\/494;\"><img decoding=\"async\" class=\"aligncenter size-large wp-image-13781 lazyload\" data-src=\"http:\/\/www.kerenphotography.com\/site\/wp-content\/uploads\/2016\/04\/Boda-en-el-Hotel-San-Juan-14-1024x917.jpg\" alt=\"Boda en el Hotel San Juan -14\" width=\"669\" height=\"599\" src=\"data:image\/gif;base64,R0lGODlhAQABAAAAACH5BAEKAAEALAAAAAABAAEAAAICTAEAOw==\" style=\"--smush-placeholder-width: 669px; --smush-placeholder-aspect-ratio: 669\/599;\"><img decoding=\"async\" class=\"aligncenter size-large wp-image-13782 lazyload\" data-src=\"http:\/\/www.kerenphotography.com\/site\/wp-content\/uploads\/2016\/04\/Boda-en-el-Hotel-San-Juan-16-1024x989.jpg\" alt=\"Boda en el Hotel San Juan -16\" width=\"669\" height=\"646\" src=\"data:image\/gif;base64,R0lGODlhAQABAAAAACH5BAEKAAEALAAAAAABAAEAAAICTAEAOw==\" style=\"--smush-placeholder-width: 669px; --smush-placeholder-aspect-ratio: 669\/646;\"><img decoding=\"async\" class=\"aligncenter size-large wp-image-13785 lazyload\" data-src=\"http:\/\/www.kerenphotography.com\/site\/wp-content\/uploads\/2016\/04\/Boda-en-el-Hotel-San-Juan-19-685x1024.jpg\" alt=\"Boda en el Hotel San Juan -19\" width=\"669\" height=\"1000\" src=\"data:image\/gif;base64,R0lGODlhAQABAAAAACH5BAEKAAEALAAAAAABAAEAAAICTAEAOw==\" style=\"--smush-placeholder-width: 669px; --smush-placeholder-aspect-ratio: 669\/1000;\"><img decoding=\"async\" class=\"aligncenter size-large wp-image-13783 lazyload\" data-src=\"http:\/\/www.kerenphotography.com\/site\/wp-content\/uploads\/2016\/04\/Boda-en-el-Hotel-San-Juan-17-682x1024.jpg\" alt=\"Boda en el Hotel San Juan -17\" width=\"669\" height=\"1004\" src=\"data:image\/gif;base64,R0lGODlhAQABAAAAACH5BAEKAAEALAAAAAABAAEAAAICTAEAOw==\" style=\"--smush-placeholder-width: 669px; --smush-placeholder-aspect-ratio: 669\/1004;\"><img decoding=\"async\" class=\"aligncenter size-large wp-image-13784 lazyload\" data-src=\"http:\/\/www.kerenphotography.com\/site\/wp-content\/uploads\/2016\/04\/Boda-en-el-Hotel-San-Juan-18-1024x769.jpg\" alt=\"Boda en el Hotel San Juan -18\" width=\"669\" height=\"502\" src=\"data:image\/gif;base64,R0lGODlhAQABAAAAACH5BAEKAAEALAAAAAABAAEAAAICTAEAOw==\" style=\"--smush-placeholder-width: 669px; --smush-placeholder-aspect-ratio: 669\/502;\"><img decoding=\"async\" class=\"aligncenter size-large wp-image-13786 lazyload\" data-src=\"http:\/\/www.kerenphotography.com\/site\/wp-content\/uploads\/2016\/04\/Boda-en-el-Hotel-San-Juan-20-660x1024.jpg\" alt=\"Boda en el Hotel San Juan -20\" width=\"660\" height=\"1024\" src=\"data:image\/gif;base64,R0lGODlhAQABAAAAACH5BAEKAAEALAAAAAABAAEAAAICTAEAOw==\" style=\"--smush-placeholder-width: 660px; --smush-placeholder-aspect-ratio: 660\/1024;\"><img decoding=\"async\" class=\"aligncenter size-large wp-image-13787 lazyload\" data-src=\"http:\/\/www.kerenphotography.com\/site\/wp-content\/uploads\/2016\/04\/Boda-en-el-Hotel-San-Juan-23-1024x767.jpg\" alt=\"Boda en el Hotel San Juan -23\" width=\"669\" height=\"501\" src=\"data:image\/gif;base64,R0lGODlhAQABAAAAACH5BAEKAAEALAAAAAABAAEAAAICTAEAOw==\" style=\"--smush-placeholder-width: 669px; --smush-placeholder-aspect-ratio: 669\/501;\"><img decoding=\"async\" class=\"aligncenter size-large wp-image-13788 lazyload\" data-src=\"http:\/\/www.kerenphotography.com\/site\/wp-content\/uploads\/2016\/04\/Boda-en-el-Hotel-San-Juan-24-1024x782.jpg\" alt=\"Boda en el Hotel San Juan -24\" width=\"669\" height=\"511\" src=\"data:image\/gif;base64,R0lGODlhAQABAAAAACH5BAEKAAEALAAAAAABAAEAAAICTAEAOw==\" style=\"--smush-placeholder-width: 669px; --smush-placeholder-aspect-ratio: 669\/511;\"><img decoding=\"async\" class=\"aligncenter size-large wp-image-13789 lazyload\" data-src=\"http:\/\/www.kerenphotography.com\/site\/wp-content\/uploads\/2016\/04\/Boda-en-el-Hotel-San-Juan-25-761x1024.jpg\" alt=\"Boda en el Hotel San Juan -25\" width=\"669\" height=\"900\" src=\"data:image\/gif;base64,R0lGODlhAQABAAAAACH5BAEKAAEALAAAAAABAAEAAAICTAEAOw==\" style=\"--smush-placeholder-width: 669px; --smush-placeholder-aspect-ratio: 669\/900;\"><img decoding=\"async\" class=\"aligncenter size-large wp-image-13792 lazyload\" data-src=\"http:\/\/www.kerenphotography.com\/site\/wp-content\/uploads\/2016\/04\/Boda-en-el-Hotel-San-Juan-28-1024x682.jpg\" alt=\"Boda en el Hotel San Juan -28\" width=\"669\" height=\"446\" src=\"data:image\/gif;base64,R0lGODlhAQABAAAAACH5BAEKAAEALAAAAAABAAEAAAICTAEAOw==\" style=\"--smush-placeholder-width: 669px; --smush-placeholder-aspect-ratio: 669\/446;\"><img decoding=\"async\" class=\"aligncenter size-large wp-image-13794 lazyload\" data-src=\"http:\/\/www.kerenphotography.com\/site\/wp-content\/uploads\/2016\/04\/Boda-en-el-Hotel-San-Juan-30-1024x1024.jpg\" alt=\"Boda en el Hotel San Juan -30\" width=\"669\" height=\"669\" src=\"data:image\/gif;base64,R0lGODlhAQABAAAAACH5BAEKAAEALAAAAAABAAEAAAICTAEAOw==\" style=\"--smush-placeholder-width: 669px; --smush-placeholder-aspect-ratio: 669\/669;\"><img decoding=\"async\" class=\"aligncenter size-large wp-image-13790 lazyload\" data-src=\"http:\/\/www.kerenphotography.com\/site\/wp-content\/uploads\/2016\/04\/Boda-en-el-Hotel-San-Juan-26-1024x828.jpg\" alt=\"Boda en el Hotel San Juan -26\" width=\"669\" height=\"541\" src=\"data:image\/gif;base64,R0lGODlhAQABAAAAACH5BAEKAAEALAAAAAABAAEAAAICTAEAOw==\" style=\"--smush-placeholder-width: 669px; --smush-placeholder-aspect-ratio: 669\/541;\"><img decoding=\"async\" class=\"aligncenter size-large wp-image-13795 lazyload\" data-src=\"http:\/\/www.kerenphotography.com\/site\/wp-content\/uploads\/2016\/04\/Boda-en-el-Hotel-San-Juan-31-1024x682.jpg\" alt=\"Boda en el Hotel San Juan -31\" width=\"669\" height=\"446\" src=\"data:image\/gif;base64,R0lGODlhAQABAAAAACH5BAEKAAEALAAAAAABAAEAAAICTAEAOw==\" style=\"--smush-placeholder-width: 669px; --smush-placeholder-aspect-ratio: 669\/446;\"><img decoding=\"async\" class=\"aligncenter size-large wp-image-13796 lazyload\" data-src=\"http:\/\/www.kerenphotography.com\/site\/wp-content\/uploads\/2016\/04\/Boda-en-el-Hotel-San-Juan-32-1024x1017.jpg\" alt=\"Boda en el Hotel San Juan -32\" width=\"669\" height=\"664\" src=\"data:image\/gif;base64,R0lGODlhAQABAAAAACH5BAEKAAEALAAAAAABAAEAAAICTAEAOw==\" style=\"--smush-placeholder-width: 669px; --smush-placeholder-aspect-ratio: 669\/664;\"><img decoding=\"async\" class=\"aligncenter size-large wp-image-13797 lazyload\" data-src=\"http:\/\/www.kerenphotography.com\/site\/wp-content\/uploads\/2016\/04\/Boda-en-el-Hotel-San-Juan-33-909x1024.jpg\" alt=\"Boda en el Hotel San Juan -33\" width=\"669\" height=\"754\" src=\"data:image\/gif;base64,R0lGODlhAQABAAAAACH5BAEKAAEALAAAAAABAAEAAAICTAEAOw==\" style=\"--smush-placeholder-width: 669px; --smush-placeholder-aspect-ratio: 669\/754;\"> <img decoding=\"async\" class=\"aligncenter size-large wp-image-13807 lazyload\" data-src=\"http:\/\/www.kerenphotography.com\/site\/wp-content\/uploads\/2016\/04\/Boda-en-el-Hotel-San-Juan-43-816x1024.jpg\" alt=\"Boda en el Hotel San Juan -43\" width=\"669\" height=\"840\" src=\"data:image\/gif;base64,R0lGODlhAQABAAAAACH5BAEKAAEALAAAAAABAAEAAAICTAEAOw==\" style=\"--smush-placeholder-width: 669px; --smush-placeholder-aspect-ratio: 669\/840;\"> <img decoding=\"async\" class=\"aligncenter size-large wp-image-13799 lazyload\" data-src=\"http:\/\/www.kerenphotography.com\/site\/wp-content\/uploads\/2016\/04\/Boda-en-el-Hotel-San-Juan-35-909x1024.jpg\" alt=\"Boda en el Hotel San Juan -35\" width=\"669\" height=\"754\" src=\"data:image\/gif;base64,R0lGODlhAQABAAAAACH5BAEKAAEALAAAAAABAAEAAAICTAEAOw==\" style=\"--smush-placeholder-width: 669px; --smush-placeholder-aspect-ratio: 669\/754;\"> <img decoding=\"async\" class=\"aligncenter size-large wp-image-13800 lazyload\" data-src=\"http:\/\/www.kerenphotography.com\/site\/wp-content\/uploads\/2016\/04\/Boda-en-el-Hotel-San-Juan-36-1024x472.jpg\" alt=\"Boda en el Hotel San Juan -36\" width=\"669\" height=\"308\" src=\"data:image\/gif;base64,R0lGODlhAQABAAAAACH5BAEKAAEALAAAAAABAAEAAAICTAEAOw==\" style=\"--smush-placeholder-width: 669px; --smush-placeholder-aspect-ratio: 669\/308;\"> <img decoding=\"async\" class=\"aligncenter size-large wp-image-13801 lazyload\" data-src=\"http:\/\/www.kerenphotography.com\/site\/wp-content\/uploads\/2016\/04\/Boda-en-el-Hotel-San-Juan-37-630x1024.jpg\" alt=\"Boda en el Hotel San Juan -37\" width=\"630\" height=\"1024\" src=\"data:image\/gif;base64,R0lGODlhAQABAAAAACH5BAEKAAEALAAAAAABAAEAAAICTAEAOw==\" style=\"--smush-placeholder-width: 630px; --smush-placeholder-aspect-ratio: 630\/1024;\"> <img decoding=\"async\" class=\"aligncenter size-large wp-image-13802 lazyload\" data-src=\"http:\/\/www.kerenphotography.com\/site\/wp-content\/uploads\/2016\/04\/Boda-en-el-Hotel-San-Juan-38-1024x663.jpg\" alt=\"Boda en el Hotel San Juan -38\" width=\"669\" height=\"433\" src=\"data:image\/gif;base64,R0lGODlhAQABAAAAACH5BAEKAAEALAAAAAABAAEAAAICTAEAOw==\" style=\"--smush-placeholder-width: 669px; --smush-placeholder-aspect-ratio: 669\/433;\"> <img decoding=\"async\" class=\"aligncenter size-large wp-image-13803 lazyload\" data-src=\"http:\/\/www.kerenphotography.com\/site\/wp-content\/uploads\/2016\/04\/Boda-en-el-Hotel-San-Juan-39-1024x333.jpg\" alt=\"Boda en el Hotel San Juan -39\" width=\"669\" height=\"218\" src=\"data:image\/gif;base64,R0lGODlhAQABAAAAACH5BAEKAAEALAAAAAABAAEAAAICTAEAOw==\" style=\"--smush-placeholder-width: 669px; --smush-placeholder-aspect-ratio: 669\/218;\"><img decoding=\"async\" class=\"aligncenter size-large wp-image-13804 lazyload\" data-src=\"http:\/\/www.kerenphotography.com\/site\/wp-content\/uploads\/2016\/04\/Boda-en-el-Hotel-San-Juan-40-1024x682.jpg\" alt=\"Boda en el Hotel San Juan -40\" width=\"669\" height=\"446\" src=\"data:image\/gif;base64,R0lGODlhAQABAAAAACH5BAEKAAEALAAAAAABAAEAAAICTAEAOw==\" style=\"--smush-placeholder-width: 669px; --smush-placeholder-aspect-ratio: 669\/446;\"><img decoding=\"async\" class=\"aligncenter size-large wp-image-13810 lazyload\" data-src=\"http:\/\/www.kerenphotography.com\/site\/wp-content\/uploads\/2016\/04\/Untitled-1-1024x771.jpg\" alt=\"Untitled-1\" width=\"669\" height=\"504\" src=\"data:image\/gif;base64,R0lGODlhAQABAAAAACH5BAEKAAEALAAAAAABAAEAAAICTAEAOw==\" style=\"--smush-placeholder-width: 669px; --smush-placeholder-aspect-ratio: 669\/504;\"><br \/>\n<img decoding=\"async\" class=\"aligncenter size-large wp-image-13806 lazyload\" data-src=\"http:\/\/www.kerenphotography.com\/site\/wp-content\/uploads\/2016\/04\/Boda-en-el-Hotel-San-Juan-42-670x1024.jpg\" alt=\"Boda en el Hotel San Juan -42\" width=\"669\" height=\"1022\" src=\"data:image\/gif;base64,R0lGODlhAQABAAAAACH5BAEKAAEALAAAAAABAAEAAAICTAEAOw==\" style=\"--smush-placeholder-width: 669px; --smush-placeholder-aspect-ratio: 669\/1022;\"><img decoding=\"async\" class=\"aligncenter size-large wp-image-13809 lazyload\" data-src=\"http:\/\/www.kerenphotography.com\/site\/wp-content\/uploads\/2016\/04\/Boda-en-el-Hotel-San-Juan-45-769x1024.jpg\" alt=\"Boda en el Hotel San Juan -45\" width=\"669\" height=\"891\" src=\"data:image\/gif;base64,R0lGODlhAQABAAAAACH5BAEKAAEALAAAAAABAAEAAAICTAEAOw==\" style=\"--smush-placeholder-width: 669px; --smush-placeholder-aspect-ratio: 669\/891;\"><img decoding=\"async\" class=\"aligncenter size-large wp-image-13808 lazyload\" data-src=\"http:\/\/www.kerenphotography.com\/site\/wp-content\/uploads\/2016\/04\/Boda-en-el-Hotel-San-Juan-44-1024x682.jpg\" alt=\"Boda en el Hotel San Juan -44\" width=\"669\" height=\"446\" src=\"data:image\/gif;base64,R0lGODlhAQABAAAAACH5BAEKAAEALAAAAAABAAEAAAICTAEAOw==\" style=\"--smush-placeholder-width: 669px; --smush-placeholder-aspect-ratio: 669\/446;\"><\/p>\n","protected":false},"excerpt":{"rendered":"<p>Encantadores... es la palabra que llega a mi mente cuando estoy trabajando las fotos de Kristal y Francisco. &nbsp;La boda de esta pareja tan bella tuvo lugar en el hermoso Hotel San Juan. &nbsp;Llegu\u00e9 a la habitaci\u00f3n del novio temprano para documentar su preparaci\u00f3n junto a sus amigos y que bien lo pasamos, encontr\u00e9 a [&hellip;]<\/p>\n","protected":false},"author":1,"featured_media":15289,"comment_status":"open","ping_status":"open","sticky":false,"template":"","format":"standard","meta":{"footnotes":""},"categories":[1],"tags":[],"class_list":["post-13767","post","type-post","status-publish","format-standard","has-post-thumbnail","hentry","category-uncategorized"],"_links":{"self":[{"href":"https:\/\/kerenphotography.com\/inicio\/wp-json\/wp\/v2\/posts\/13767","targetHints":{"allow":["GET"]}}],"collection":[{"href":"https:\/\/kerenphotography.com\/inicio\/wp-json\/wp\/v2\/posts"}],"about":[{"href":"https:\/\/kerenphotography.com\/inicio\/wp-json\/wp\/v2\/types\/post"}],"author":[{"embeddable":true,"href":"https:\/\/kerenphotography.com\/inicio\/wp-json\/wp\/v2\/users\/1"}],"replies":[{"embeddable":true,"href":"https:\/\/kerenphotography.com\/inicio\/wp-json\/wp\/v2\/comments?post=13767"}],"version-history":[{"count":1,"href":"https:\/\/kerenphotography.com\/inicio\/wp-json\/wp\/v2\/posts\/13767\/revisions"}],"predecessor-version":[{"id":15291,"href":"https:\/\/kerenphotography.com\/inicio\/wp-json\/wp\/v2\/posts\/13767\/revisions\/15291"}],"wp:featuredmedia":[{"embeddable":true,"href":"https:\/\/kerenphotography.com\/inicio\/wp-json\/wp\/v2\/media\/15289"}],"wp:attachment":[{"href":"https:\/\/kerenphotography.com\/inicio\/wp-json\/wp\/v2\/media?parent=13767"}],"wp:term":[{"taxonomy":"category","embeddable":true,"href":"https:\/\/kerenphotography.com\/inicio\/wp-json\/wp\/v2\/categories?post=13767"},{"taxonomy":"post_tag","embeddable":true,"href":"https:\/\/kerenphotography.com\/inicio\/wp-json\/wp\/v2\/tags?post=13767"}],"curies":[{"name":"wp","href":"https:\/\/api.w.org\/{rel}","templated":true}]}}