{"id":13369,"date":"2016-02-21T19:28:00","date_gmt":"2016-02-21T23:28:00","guid":{"rendered":"http:\/\/www.kerenphotography.com\/site\/?p=13369"},"modified":"2020-04-10T02:05:33","modified_gmt":"2020-04-10T02:05:33","slug":"boda-en-villa-montana","status":"publish","type":"post","link":"https:\/\/kerenphotography.com\/inicio\/boda-en-villa-montana\/","title":{"rendered":"Boda en Villa Monta\u00f1a"},"content":{"rendered":"<p>La Boda de Mia y Philip tuvo lugar en Villa Monta\u00f1a un escenario hermoso y en armon\u00eda con la naturaleza. &nbsp;Cuando llegamos donde Mia para hacerle fotos de su preparaci\u00f3n nos encontramos con una novia alegre y muy emocionada, fue muy facil hacer sus fotos ya que su energ\u00eda nos contagiaba. Sus&nbsp;familiares fueron testigos de una ceremonia divertida como lo son ellos, todo estuvo lleno de risas y total felicidad. &nbsp;La noche culmin\u00f3 con una cena en la cual compartieron con familiares y amigos. Les invito a disfrutar las fotos de esta hermosa boda llena de alegr\u00eda pero sobre todo de mucho amor.<\/p>\n<p>Venue: Villa Monta\u00f1a<\/p>\n<p>Fotos: Keren photography<\/p>\n<p>&nbsp;<\/p>\n<p><img decoding=\"async\" class=\"aligncenter size-full wp-image-13370 lazyload\" data-src=\"http:\/\/www.kerenphotography.com\/site\/wp-content\/uploads\/2016\/02\/Boda-en-Villa-Monta\u00f1a-Destination-Wedding-1.jpg\" alt=\"Boda en Villa Monta\u00f1a Destination Wedding-1\" width=\"960\" height=\"1358\" src=\"data:image\/gif;base64,R0lGODlhAQABAAAAACH5BAEKAAEALAAAAAABAAEAAAICTAEAOw==\" style=\"--smush-placeholder-width: 960px; --smush-placeholder-aspect-ratio: 960\/1358;\"> <img decoding=\"async\" class=\"aligncenter size-full wp-image-13371 lazyload\" data-src=\"http:\/\/www.kerenphotography.com\/site\/wp-content\/uploads\/2016\/02\/Boda-en-Villa-Monta\u00f1a-Destination-Wedding-2.jpg\" alt=\"Boda en Villa Monta\u00f1a Destination Wedding-2\" width=\"960\" height=\"715\" src=\"data:image\/gif;base64,R0lGODlhAQABAAAAACH5BAEKAAEALAAAAAABAAEAAAICTAEAOw==\" style=\"--smush-placeholder-width: 960px; --smush-placeholder-aspect-ratio: 960\/715;\"> <img decoding=\"async\" class=\"aligncenter size-full wp-image-13372 lazyload\" data-src=\"http:\/\/www.kerenphotography.com\/site\/wp-content\/uploads\/2016\/02\/Boda-en-Villa-Monta\u00f1a-Destination-Wedding-3.jpg\" alt=\"Boda en Villa Monta\u00f1a Destination Wedding-3\" width=\"960\" height=\"1587\" src=\"data:image\/gif;base64,R0lGODlhAQABAAAAACH5BAEKAAEALAAAAAABAAEAAAICTAEAOw==\" style=\"--smush-placeholder-width: 960px; --smush-placeholder-aspect-ratio: 960\/1587;\"> <img decoding=\"async\" class=\"aligncenter size-full wp-image-13373 lazyload\" data-src=\"http:\/\/www.kerenphotography.com\/site\/wp-content\/uploads\/2016\/02\/Boda-en-Villa-Monta\u00f1a-Destination-Wedding-4.jpg\" alt=\"Boda en Villa Monta\u00f1a Destination Wedding-4\" width=\"960\" height=\"1619\" src=\"data:image\/gif;base64,R0lGODlhAQABAAAAACH5BAEKAAEALAAAAAABAAEAAAICTAEAOw==\" style=\"--smush-placeholder-width: 960px; --smush-placeholder-aspect-ratio: 960\/1619;\"> <img decoding=\"async\" class=\"aligncenter size-full wp-image-13374 lazyload\" data-src=\"http:\/\/www.kerenphotography.com\/site\/wp-content\/uploads\/2016\/02\/Boda-en-Villa-Monta\u00f1a-Destination-Wedding-5.jpg\" alt=\"Boda en Villa Monta\u00f1a Destination Wedding-5\" width=\"960\" height=\"719\" src=\"data:image\/gif;base64,R0lGODlhAQABAAAAACH5BAEKAAEALAAAAAABAAEAAAICTAEAOw==\" style=\"--smush-placeholder-width: 960px; --smush-placeholder-aspect-ratio: 960\/719;\"> <img decoding=\"async\" class=\"aligncenter size-full wp-image-13375 lazyload\" data-src=\"http:\/\/www.kerenphotography.com\/site\/wp-content\/uploads\/2016\/02\/Boda-en-Villa-Monta\u00f1a-Destination-Wedding-6.jpg\" alt=\"Boda en Villa Monta\u00f1a Destination Wedding-6\" width=\"960\" height=\"1436\" src=\"data:image\/gif;base64,R0lGODlhAQABAAAAACH5BAEKAAEALAAAAAABAAEAAAICTAEAOw==\" style=\"--smush-placeholder-width: 960px; --smush-placeholder-aspect-ratio: 960\/1436;\"> <img decoding=\"async\" class=\"aligncenter size-full wp-image-13376 lazyload\" data-src=\"http:\/\/www.kerenphotography.com\/site\/wp-content\/uploads\/2016\/02\/Boda-en-Villa-Monta\u00f1a-Destination-Wedding-7.jpg\" alt=\"Boda en Villa Monta\u00f1a Destination Wedding-7\" width=\"960\" height=\"443\" src=\"data:image\/gif;base64,R0lGODlhAQABAAAAACH5BAEKAAEALAAAAAABAAEAAAICTAEAOw==\" style=\"--smush-placeholder-width: 960px; --smush-placeholder-aspect-ratio: 960\/443;\"> <img decoding=\"async\" class=\"aligncenter size-full wp-image-13377 lazyload\" data-src=\"http:\/\/www.kerenphotography.com\/site\/wp-content\/uploads\/2016\/02\/Boda-en-Villa-Monta\u00f1a-Destination-Wedding-8.jpg\" alt=\"Boda en Villa Monta\u00f1a Destination Wedding-8\" width=\"960\" height=\"748\" src=\"data:image\/gif;base64,R0lGODlhAQABAAAAACH5BAEKAAEALAAAAAABAAEAAAICTAEAOw==\" style=\"--smush-placeholder-width: 960px; --smush-placeholder-aspect-ratio: 960\/748;\"> <img decoding=\"async\" class=\"aligncenter size-full wp-image-13378 lazyload\" data-src=\"http:\/\/www.kerenphotography.com\/site\/wp-content\/uploads\/2016\/02\/Boda-en-Villa-Monta\u00f1a-Destination-Wedding-9.jpg\" alt=\"Boda en Villa Monta\u00f1a Destination Wedding-9\" width=\"960\" height=\"359\" src=\"data:image\/gif;base64,R0lGODlhAQABAAAAACH5BAEKAAEALAAAAAABAAEAAAICTAEAOw==\" style=\"--smush-placeholder-width: 960px; --smush-placeholder-aspect-ratio: 960\/359;\"> <img decoding=\"async\" class=\"aligncenter size-full wp-image-13379 lazyload\" data-src=\"http:\/\/www.kerenphotography.com\/site\/wp-content\/uploads\/2016\/02\/Boda-en-Villa-Monta\u00f1a-Destination-Wedding-10.jpg\" alt=\"Boda en Villa Monta\u00f1a Destination Wedding-10\" width=\"960\" height=\"320\" src=\"data:image\/gif;base64,R0lGODlhAQABAAAAACH5BAEKAAEALAAAAAABAAEAAAICTAEAOw==\" style=\"--smush-placeholder-width: 960px; --smush-placeholder-aspect-ratio: 960\/320;\"> <img decoding=\"async\" class=\"aligncenter size-full wp-image-13380 lazyload\" data-src=\"http:\/\/www.kerenphotography.com\/site\/wp-content\/uploads\/2016\/02\/Boda-en-Villa-Monta\u00f1a-Destination-Wedding-11.jpg\" alt=\"Boda en Villa Monta\u00f1a Destination Wedding-11\" width=\"960\" height=\"1485\" src=\"data:image\/gif;base64,R0lGODlhAQABAAAAACH5BAEKAAEALAAAAAABAAEAAAICTAEAOw==\" style=\"--smush-placeholder-width: 960px; --smush-placeholder-aspect-ratio: 960\/1485;\"> <img decoding=\"async\" class=\"aligncenter size-full wp-image-13381 lazyload\" data-src=\"http:\/\/www.kerenphotography.com\/site\/wp-content\/uploads\/2016\/02\/Boda-en-Villa-Monta\u00f1a-Destination-Wedding-12.jpg\" alt=\"Boda en Villa Monta\u00f1a Destination Wedding-12\" width=\"960\" height=\"639\" src=\"data:image\/gif;base64,R0lGODlhAQABAAAAACH5BAEKAAEALAAAAAABAAEAAAICTAEAOw==\" style=\"--smush-placeholder-width: 960px; --smush-placeholder-aspect-ratio: 960\/639;\"> <img decoding=\"async\" class=\"aligncenter size-full wp-image-13382 lazyload\" data-src=\"http:\/\/www.kerenphotography.com\/site\/wp-content\/uploads\/2016\/02\/Boda-en-Villa-Monta\u00f1a-Destination-Wedding-13.jpg\" alt=\"Boda en Villa Monta\u00f1a Destination Wedding-13\" width=\"960\" height=\"443\" src=\"data:image\/gif;base64,R0lGODlhAQABAAAAACH5BAEKAAEALAAAAAABAAEAAAICTAEAOw==\" style=\"--smush-placeholder-width: 960px; --smush-placeholder-aspect-ratio: 960\/443;\"> <img decoding=\"async\" class=\"aligncenter size-full wp-image-13383 lazyload\" data-src=\"http:\/\/www.kerenphotography.com\/site\/wp-content\/uploads\/2016\/02\/Boda-en-Villa-Monta\u00f1a-Destination-Wedding-14.jpg\" alt=\"Boda en Villa Monta\u00f1a Destination Wedding-14\" width=\"960\" height=\"639\" src=\"data:image\/gif;base64,R0lGODlhAQABAAAAACH5BAEKAAEALAAAAAABAAEAAAICTAEAOw==\" style=\"--smush-placeholder-width: 960px; --smush-placeholder-aspect-ratio: 960\/639;\"> <img decoding=\"async\" class=\"aligncenter size-full wp-image-13384 lazyload\" data-src=\"http:\/\/www.kerenphotography.com\/site\/wp-content\/uploads\/2016\/02\/Boda-en-Villa-Monta\u00f1a-Destination-Wedding-15.jpg\" alt=\"Boda en Villa Monta\u00f1a Destination Wedding-15\" width=\"960\" height=\"639\" src=\"data:image\/gif;base64,R0lGODlhAQABAAAAACH5BAEKAAEALAAAAAABAAEAAAICTAEAOw==\" style=\"--smush-placeholder-width: 960px; --smush-placeholder-aspect-ratio: 960\/639;\"> <img decoding=\"async\" class=\"aligncenter size-full wp-image-13385 lazyload\" data-src=\"http:\/\/www.kerenphotography.com\/site\/wp-content\/uploads\/2016\/02\/Boda-en-Villa-Monta\u00f1a-Destination-Wedding-16.jpg\" alt=\"Boda en Villa Monta\u00f1a Destination Wedding-16\" width=\"960\" height=\"1162\" src=\"data:image\/gif;base64,R0lGODlhAQABAAAAACH5BAEKAAEALAAAAAABAAEAAAICTAEAOw==\" style=\"--smush-placeholder-width: 960px; --smush-placeholder-aspect-ratio: 960\/1162;\"> <img decoding=\"async\" class=\"aligncenter size-full wp-image-13386 lazyload\" data-src=\"http:\/\/www.kerenphotography.com\/site\/wp-content\/uploads\/2016\/02\/Boda-en-Villa-Monta\u00f1a-Destination-Wedding-17.jpg\" alt=\"Boda en Villa Monta\u00f1a Destination Wedding-17\" width=\"960\" height=\"639\" src=\"data:image\/gif;base64,R0lGODlhAQABAAAAACH5BAEKAAEALAAAAAABAAEAAAICTAEAOw==\" style=\"--smush-placeholder-width: 960px; --smush-placeholder-aspect-ratio: 960\/639;\"> <img decoding=\"async\" class=\"aligncenter size-full wp-image-13387 lazyload\" data-src=\"http:\/\/www.kerenphotography.com\/site\/wp-content\/uploads\/2016\/02\/Boda-en-Villa-Monta\u00f1a-Destination-Wedding-18.jpg\" alt=\"Boda en Villa Monta\u00f1a Destination Wedding-18\" width=\"960\" height=\"591\" src=\"data:image\/gif;base64,R0lGODlhAQABAAAAACH5BAEKAAEALAAAAAABAAEAAAICTAEAOw==\" style=\"--smush-placeholder-width: 960px; --smush-placeholder-aspect-ratio: 960\/591;\"> <img decoding=\"async\" class=\"aligncenter size-full wp-image-13388 lazyload\" data-src=\"http:\/\/www.kerenphotography.com\/site\/wp-content\/uploads\/2016\/02\/Boda-en-Villa-Monta\u00f1a-Destination-Wedding-19.jpg\" alt=\"Boda en Villa Monta\u00f1a Destination Wedding-19\" width=\"960\" height=\"960\" src=\"data:image\/gif;base64,R0lGODlhAQABAAAAACH5BAEKAAEALAAAAAABAAEAAAICTAEAOw==\" style=\"--smush-placeholder-width: 960px; --smush-placeholder-aspect-ratio: 960\/960;\"> <img decoding=\"async\" class=\"aligncenter size-full wp-image-13389 lazyload\" data-src=\"http:\/\/www.kerenphotography.com\/site\/wp-content\/uploads\/2016\/02\/Boda-en-Villa-Monta\u00f1a-Destination-Wedding-20.jpg\" alt=\"Boda en Villa Monta\u00f1a Destination Wedding-20\" width=\"960\" height=\"639\" src=\"data:image\/gif;base64,R0lGODlhAQABAAAAACH5BAEKAAEALAAAAAABAAEAAAICTAEAOw==\" style=\"--smush-placeholder-width: 960px; --smush-placeholder-aspect-ratio: 960\/639;\"> <img decoding=\"async\" class=\"aligncenter size-full wp-image-13390 lazyload\" data-src=\"http:\/\/www.kerenphotography.com\/site\/wp-content\/uploads\/2016\/02\/Boda-en-Villa-Monta\u00f1a-Destination-Wedding-21.jpg\" alt=\"Boda en Villa Monta\u00f1a Destination Wedding-21\" width=\"960\" height=\"320\" src=\"data:image\/gif;base64,R0lGODlhAQABAAAAACH5BAEKAAEALAAAAAABAAEAAAICTAEAOw==\" style=\"--smush-placeholder-width: 960px; --smush-placeholder-aspect-ratio: 960\/320;\"> <img decoding=\"async\" class=\"aligncenter size-full wp-image-13391 lazyload\" data-src=\"http:\/\/www.kerenphotography.com\/site\/wp-content\/uploads\/2016\/02\/Boda-en-Villa-Monta\u00f1a-Destination-Wedding-23.jpg\" alt=\"Boda en Villa Monta\u00f1a Destination Wedding-23\" width=\"960\" height=\"639\" src=\"data:image\/gif;base64,R0lGODlhAQABAAAAACH5BAEKAAEALAAAAAABAAEAAAICTAEAOw==\" style=\"--smush-placeholder-width: 960px; --smush-placeholder-aspect-ratio: 960\/639;\"> <img decoding=\"async\" class=\"aligncenter size-full wp-image-13392 lazyload\" data-src=\"http:\/\/www.kerenphotography.com\/site\/wp-content\/uploads\/2016\/02\/Boda-en-Villa-Monta\u00f1a-Destination-Wedding-24.jpg\" alt=\"Boda en Villa Monta\u00f1a Destination Wedding-24\" width=\"960\" height=\"443\" src=\"data:image\/gif;base64,R0lGODlhAQABAAAAACH5BAEKAAEALAAAAAABAAEAAAICTAEAOw==\" style=\"--smush-placeholder-width: 960px; --smush-placeholder-aspect-ratio: 960\/443;\"> <img decoding=\"async\" class=\"aligncenter size-full wp-image-13393 lazyload\" data-src=\"http:\/\/www.kerenphotography.com\/site\/wp-content\/uploads\/2016\/02\/Boda-en-Villa-Monta\u00f1a-Destination-Wedding-25.jpg\" alt=\"Boda en Villa Monta\u00f1a Destination Wedding-25\" width=\"960\" height=\"320\" src=\"data:image\/gif;base64,R0lGODlhAQABAAAAACH5BAEKAAEALAAAAAABAAEAAAICTAEAOw==\" style=\"--smush-placeholder-width: 960px; --smush-placeholder-aspect-ratio: 960\/320;\"> <img decoding=\"async\" class=\"aligncenter size-full wp-image-13394 lazyload\" data-src=\"http:\/\/www.kerenphotography.com\/site\/wp-content\/uploads\/2016\/02\/Boda-en-Villa-Monta\u00f1a-Destination-Wedding-26.jpg\" alt=\"Boda en Villa Monta\u00f1a Destination Wedding-26\" width=\"960\" height=\"639\" src=\"data:image\/gif;base64,R0lGODlhAQABAAAAACH5BAEKAAEALAAAAAABAAEAAAICTAEAOw==\" style=\"--smush-placeholder-width: 960px; --smush-placeholder-aspect-ratio: 960\/639;\"> <img decoding=\"async\" class=\"aligncenter size-full wp-image-13395 lazyload\" data-src=\"http:\/\/www.kerenphotography.com\/site\/wp-content\/uploads\/2016\/02\/Boda-en-Villa-Monta\u00f1a-Destination-Wedding-27.jpg\" alt=\"Boda en Villa Monta\u00f1a Destination Wedding-27\" width=\"960\" height=\"1436\" src=\"data:image\/gif;base64,R0lGODlhAQABAAAAACH5BAEKAAEALAAAAAABAAEAAAICTAEAOw==\" style=\"--smush-placeholder-width: 960px; --smush-placeholder-aspect-ratio: 960\/1436;\"><\/p>\n<p>&nbsp;<\/p>\n","protected":false},"excerpt":{"rendered":"<p>La Boda de Mia y Philip tuvo lugar en Villa Monta\u00f1a un escenario hermoso y en armon\u00eda con la naturaleza. &nbsp;Cuando llegamos donde Mia para hacerle fotos de su preparaci\u00f3n nos encontramos con una novia alegre y muy emocionada, fue muy facil hacer sus fotos ya que su energ\u00eda nos contagiaba. Sus&nbsp;familiares fueron testigos de [&hellip;]<\/p>\n","protected":false},"author":1,"featured_media":15282,"comment_status":"open","ping_status":"open","sticky":false,"template":"","format":"standard","meta":{"footnotes":""},"categories":[1],"tags":[],"class_list":["post-13369","post","type-post","status-publish","format-standard","has-post-thumbnail","hentry","category-uncategorized"],"_links":{"self":[{"href":"https:\/\/kerenphotography.com\/inicio\/wp-json\/wp\/v2\/posts\/13369","targetHints":{"allow":["GET"]}}],"collection":[{"href":"https:\/\/kerenphotography.com\/inicio\/wp-json\/wp\/v2\/posts"}],"about":[{"href":"https:\/\/kerenphotography.com\/inicio\/wp-json\/wp\/v2\/types\/post"}],"author":[{"embeddable":true,"href":"https:\/\/kerenphotography.com\/inicio\/wp-json\/wp\/v2\/users\/1"}],"replies":[{"embeddable":true,"href":"https:\/\/kerenphotography.com\/inicio\/wp-json\/wp\/v2\/comments?post=13369"}],"version-history":[{"count":1,"href":"https:\/\/kerenphotography.com\/inicio\/wp-json\/wp\/v2\/posts\/13369\/revisions"}],"predecessor-version":[{"id":15283,"href":"https:\/\/kerenphotography.com\/inicio\/wp-json\/wp\/v2\/posts\/13369\/revisions\/15283"}],"wp:featuredmedia":[{"embeddable":true,"href":"https:\/\/kerenphotography.com\/inicio\/wp-json\/wp\/v2\/media\/15282"}],"wp:attachment":[{"href":"https:\/\/kerenphotography.com\/inicio\/wp-json\/wp\/v2\/media?parent=13369"}],"wp:term":[{"taxonomy":"category","embeddable":true,"href":"https:\/\/kerenphotography.com\/inicio\/wp-json\/wp\/v2\/categories?post=13369"},{"taxonomy":"post_tag","embeddable":true,"href":"https:\/\/kerenphotography.com\/inicio\/wp-json\/wp\/v2\/tags?post=13369"}],"curies":[{"name":"wp","href":"https:\/\/api.w.org\/{rel}","templated":true}]}}