{"id":13192,"date":"2016-01-17T12:05:05","date_gmt":"2016-01-17T16:05:05","guid":{"rendered":"http:\/\/www.kerenphotography.com\/site\/?p=13192"},"modified":"2020-04-10T02:04:23","modified_gmt":"2020-04-10T02:04:23","slug":"boda-en-casa-de-espana-sanjuan-weddings","status":"publish","type":"post","link":"https:\/\/kerenphotography.com\/inicio\/boda-en-casa-de-espana-sanjuan-weddings\/","title":{"rendered":"Hermosa Boda en Casa de Espa\u00f1a"},"content":{"rendered":"<p>Hermosa Boda en &nbsp;Casa de Espa\u00f1a<\/p>\n<p>Todas las Bodas son hermosas, siempre digo que cuando dos personas est\u00e1n enamoradas se les nota y eso fue lo que presenciamos en el hermoso Casa de Espa\u00f1a. Dancarlys y Mario son una pareja muy especial para mi, casualmente los conoc\u00ed en Plaza las Am\u00e9ricas cuando les presentaba mi trabajo a otra pareja y ellos se acercaron &nbsp;curiosos preguntando sobre mi trabajo. &nbsp; Hicimos un click instant\u00e1neo y tanto fue as\u00ed que me convert\u00ed en su fot\u00f3grafa de bodas.&nbsp;&nbsp;Capturar cada detalle, cada mirada, sonrisas y hasta l\u00e1grimas llenas de emoci\u00f3n fue parte de cada instante documentado en fotos y que les puedo decir... ame cada momento. &nbsp;Aqu\u00ed les comparto un poquito de lo que fue ese d\u00eda m\u00e1gico.<\/p>\n<p>Gracias por leerme y espero disfruten cada foto que nos transportan nuevamente a ese d\u00eda maravilloso!<\/p>\n<p>Keren &nbsp;\ud83d\ude42<\/p>\n<p>Venue: Casa de espa\u00f1a<\/p>\n<p>MUA: Nicole Rodr\u00edguez<\/p>\n<p>Coordinaci\u00f3n: Events by Us<\/p>\n<p>Decoraci\u00f3n: Pike's Flower Shop<\/p>\n<p>Bizcocho: C+M Cakes<\/p>\n<p>Fotos: Keren Photography<\/p>\n<p>Video: Joel Pag\u00e1n<\/p>\n<p>&nbsp;<\/p>\n<p><a href=\"http:\/\/www.kerenphotography.com\/site\/wp-content\/uploads\/2016\/01\/Boda-casa-de-Espa\u00f1a-weddings-San-Juan-1.jpg\"><img decoding=\"async\" class=\"aligncenter size-full wp-image-13193 lazyload\" data-src=\"http:\/\/www.kerenphotography.com\/site\/wp-content\/uploads\/2016\/01\/Boda-casa-de-Espa\u00f1a-weddings-San-Juan-1.jpg\" alt=\"Boda casa de Espa\u00f1a weddings San Juan -1\" width=\"960\" height=\"1082\" src=\"data:image\/gif;base64,R0lGODlhAQABAAAAACH5BAEKAAEALAAAAAABAAEAAAICTAEAOw==\" style=\"--smush-placeholder-width: 960px; --smush-placeholder-aspect-ratio: 960\/1082;\"><\/a><a href=\"http:\/\/www.kerenphotography.com\/site\/wp-content\/uploads\/2016\/01\/Boda-casa-de-Espa\u00f1a-weddings-San-Juan-2.jpg\"><img decoding=\"async\" class=\"aligncenter size-full wp-image-13194 lazyload\" data-src=\"http:\/\/www.kerenphotography.com\/site\/wp-content\/uploads\/2016\/01\/Boda-casa-de-Espa\u00f1a-weddings-San-Juan-2.jpg\" alt=\"Boda casa de Espa\u00f1a weddings San Juan -2\" width=\"960\" height=\"443\" src=\"data:image\/gif;base64,R0lGODlhAQABAAAAACH5BAEKAAEALAAAAAABAAEAAAICTAEAOw==\" style=\"--smush-placeholder-width: 960px; --smush-placeholder-aspect-ratio: 960\/443;\"><\/a><a href=\"http:\/\/www.kerenphotography.com\/site\/wp-content\/uploads\/2016\/01\/Boda-casa-de-Espa\u00f1a-weddings-San-Juan-5.jpg\"><img decoding=\"async\" class=\"aligncenter size-full wp-image-13197 lazyload\" data-src=\"http:\/\/www.kerenphotography.com\/site\/wp-content\/uploads\/2016\/01\/Boda-casa-de-Espa\u00f1a-weddings-San-Juan-5.jpg\" alt=\"Boda casa de Espa\u00f1a weddings San Juan -5\" width=\"960\" height=\"1363\" src=\"data:image\/gif;base64,R0lGODlhAQABAAAAACH5BAEKAAEALAAAAAABAAEAAAICTAEAOw==\" style=\"--smush-placeholder-width: 960px; --smush-placeholder-aspect-ratio: 960\/1363;\"><\/a><a href=\"http:\/\/www.kerenphotography.com\/site\/wp-content\/uploads\/2016\/01\/Boda-casa-de-Espa\u00f1a-weddings-San-Juan-6.jpg\"><img decoding=\"async\" class=\"aligncenter size-full wp-image-13198 lazyload\" data-src=\"http:\/\/www.kerenphotography.com\/site\/wp-content\/uploads\/2016\/01\/Boda-casa-de-Espa\u00f1a-weddings-San-Juan-6.jpg\" alt=\"Boda casa de Espa\u00f1a weddings San Juan -6\" width=\"960\" height=\"1439\" src=\"data:image\/gif;base64,R0lGODlhAQABAAAAACH5BAEKAAEALAAAAAABAAEAAAICTAEAOw==\" style=\"--smush-placeholder-width: 960px; --smush-placeholder-aspect-ratio: 960\/1439;\"><\/a><a href=\"http:\/\/www.kerenphotography.com\/site\/wp-content\/uploads\/2016\/01\/Boda-casa-de-Espa\u00f1a-weddings-San-Juan-4.jpg\"><img decoding=\"async\" class=\"aligncenter size-full wp-image-13196 lazyload\" data-src=\"http:\/\/www.kerenphotography.com\/site\/wp-content\/uploads\/2016\/01\/Boda-casa-de-Espa\u00f1a-weddings-San-Juan-4.jpg\" alt=\"Boda casa de Espa\u00f1a weddings San Juan -4\" width=\"960\" height=\"320\" src=\"data:image\/gif;base64,R0lGODlhAQABAAAAACH5BAEKAAEALAAAAAABAAEAAAICTAEAOw==\" style=\"--smush-placeholder-width: 960px; --smush-placeholder-aspect-ratio: 960\/320;\"><\/a> <a href=\"http:\/\/www.kerenphotography.com\/site\/wp-content\/uploads\/2016\/01\/Boda-casa-de-Espa\u00f1a-weddings-San-Juan-3.jpg\"><img decoding=\"async\" class=\"aligncenter size-full wp-image-13195 lazyload\" data-src=\"http:\/\/www.kerenphotography.com\/site\/wp-content\/uploads\/2016\/01\/Boda-casa-de-Espa\u00f1a-weddings-San-Juan-3.jpg\" alt=\"Boda casa de Espa\u00f1a weddings San Juan -3\" width=\"960\" height=\"719\" src=\"data:image\/gif;base64,R0lGODlhAQABAAAAACH5BAEKAAEALAAAAAABAAEAAAICTAEAOw==\" style=\"--smush-placeholder-width: 960px; --smush-placeholder-aspect-ratio: 960\/719;\"><\/a><a href=\"http:\/\/www.kerenphotography.com\/site\/wp-content\/uploads\/2016\/01\/Boda-casa-de-Espa\u00f1a-weddings-San-Juan-7.jpg\"><img decoding=\"async\" class=\"aligncenter size-full wp-image-13199 lazyload\" data-src=\"http:\/\/www.kerenphotography.com\/site\/wp-content\/uploads\/2016\/01\/Boda-casa-de-Espa\u00f1a-weddings-San-Juan-7.jpg\" alt=\"Boda casa de Espa\u00f1a weddings San Juan -7\" width=\"960\" height=\"1438\" src=\"data:image\/gif;base64,R0lGODlhAQABAAAAACH5BAEKAAEALAAAAAABAAEAAAICTAEAOw==\" style=\"--smush-placeholder-width: 960px; --smush-placeholder-aspect-ratio: 960\/1438;\"><\/a><a href=\"http:\/\/www.kerenphotography.com\/site\/wp-content\/uploads\/2016\/01\/Boda-casa-de-Espa\u00f1a-weddings-San-Juan-8.jpg\"><img decoding=\"async\" class=\"aligncenter size-full wp-image-13200 lazyload\" data-src=\"http:\/\/www.kerenphotography.com\/site\/wp-content\/uploads\/2016\/01\/Boda-casa-de-Espa\u00f1a-weddings-San-Juan-8.jpg\" alt=\"Boda casa de Espa\u00f1a weddings San Juan -8\" width=\"960\" height=\"1588\" src=\"data:image\/gif;base64,R0lGODlhAQABAAAAACH5BAEKAAEALAAAAAABAAEAAAICTAEAOw==\" style=\"--smush-placeholder-width: 960px; --smush-placeholder-aspect-ratio: 960\/1588;\"><\/a><a href=\"http:\/\/www.kerenphotography.com\/site\/wp-content\/uploads\/2016\/01\/Boda-casa-de-Espa\u00f1a-weddings-San-Juan-9.jpg\"><img decoding=\"async\" class=\"aligncenter size-full wp-image-13201 lazyload\" data-src=\"http:\/\/www.kerenphotography.com\/site\/wp-content\/uploads\/2016\/01\/Boda-casa-de-Espa\u00f1a-weddings-San-Juan-9.jpg\" alt=\"Boda casa de Espa\u00f1a weddings San Juan -9\" width=\"960\" height=\"443\" src=\"data:image\/gif;base64,R0lGODlhAQABAAAAACH5BAEKAAEALAAAAAABAAEAAAICTAEAOw==\" style=\"--smush-placeholder-width: 960px; --smush-placeholder-aspect-ratio: 960\/443;\"><\/a><a href=\"http:\/\/www.kerenphotography.com\/site\/wp-content\/uploads\/2016\/01\/Boda-casa-de-Espa\u00f1a-weddings-San-Juan-10.jpg\"><img decoding=\"async\" class=\"aligncenter size-full wp-image-13202 lazyload\" data-src=\"http:\/\/www.kerenphotography.com\/site\/wp-content\/uploads\/2016\/01\/Boda-casa-de-Espa\u00f1a-weddings-San-Juan-10.jpg\" alt=\"Boda casa de Espa\u00f1a weddings San Juan -10\" width=\"960\" height=\"600\" src=\"data:image\/gif;base64,R0lGODlhAQABAAAAACH5BAEKAAEALAAAAAABAAEAAAICTAEAOw==\" style=\"--smush-placeholder-width: 960px; --smush-placeholder-aspect-ratio: 960\/600;\"><\/a><a href=\"http:\/\/www.kerenphotography.com\/site\/wp-content\/uploads\/2016\/01\/Boda-casa-de-Espa\u00f1a-weddings-San-Juan-11.jpg\"><img decoding=\"async\" class=\"aligncenter size-full wp-image-13203 lazyload\" data-src=\"http:\/\/www.kerenphotography.com\/site\/wp-content\/uploads\/2016\/01\/Boda-casa-de-Espa\u00f1a-weddings-San-Juan-11.jpg\" alt=\"Boda casa de Espa\u00f1a weddings San Juan -11\" width=\"960\" height=\"480\" src=\"data:image\/gif;base64,R0lGODlhAQABAAAAACH5BAEKAAEALAAAAAABAAEAAAICTAEAOw==\" style=\"--smush-placeholder-width: 960px; --smush-placeholder-aspect-ratio: 960\/480;\"><\/a><a href=\"http:\/\/www.kerenphotography.com\/site\/wp-content\/uploads\/2016\/01\/Boda-casa-de-Espa\u00f1a-weddings-San-Juan-12.jpg\"><img decoding=\"async\" class=\"aligncenter size-full wp-image-13204 lazyload\" data-src=\"http:\/\/www.kerenphotography.com\/site\/wp-content\/uploads\/2016\/01\/Boda-casa-de-Espa\u00f1a-weddings-San-Juan-12.jpg\" alt=\"Boda casa de Espa\u00f1a weddings San Juan -12\" width=\"960\" height=\"347\" src=\"data:image\/gif;base64,R0lGODlhAQABAAAAACH5BAEKAAEALAAAAAABAAEAAAICTAEAOw==\" style=\"--smush-placeholder-width: 960px; --smush-placeholder-aspect-ratio: 960\/347;\"><\/a><a href=\"http:\/\/www.kerenphotography.com\/site\/wp-content\/uploads\/2016\/01\/Boda-casa-de-Espa\u00f1a-weddings-San-Juan-13.jpg\"><img decoding=\"async\" class=\"aligncenter size-full wp-image-13205 lazyload\" data-src=\"http:\/\/www.kerenphotography.com\/site\/wp-content\/uploads\/2016\/01\/Boda-casa-de-Espa\u00f1a-weddings-San-Juan-13.jpg\" alt=\"Boda casa de Espa\u00f1a weddings San Juan -13\" width=\"960\" height=\"886\" src=\"data:image\/gif;base64,R0lGODlhAQABAAAAACH5BAEKAAEALAAAAAABAAEAAAICTAEAOw==\" style=\"--smush-placeholder-width: 960px; --smush-placeholder-aspect-ratio: 960\/886;\"><\/a><a href=\"http:\/\/www.kerenphotography.com\/site\/wp-content\/uploads\/2016\/01\/Boda-casa-de-Espa\u00f1a-weddings-San-Juan-15.jpg\"><img decoding=\"async\" class=\"aligncenter size-full wp-image-13207 lazyload\" data-src=\"http:\/\/www.kerenphotography.com\/site\/wp-content\/uploads\/2016\/01\/Boda-casa-de-Espa\u00f1a-weddings-San-Juan-15.jpg\" alt=\"Boda casa de Espa\u00f1a weddings San Juan -15\" width=\"960\" height=\"582\" src=\"data:image\/gif;base64,R0lGODlhAQABAAAAACH5BAEKAAEALAAAAAABAAEAAAICTAEAOw==\" style=\"--smush-placeholder-width: 960px; --smush-placeholder-aspect-ratio: 960\/582;\"><\/a><a href=\"http:\/\/www.kerenphotography.com\/site\/wp-content\/uploads\/2016\/01\/Boda-casa-de-Espa\u00f1a-weddings-San-Juan-16.jpg\"><img decoding=\"async\" class=\"aligncenter size-full wp-image-13208 lazyload\" data-src=\"http:\/\/www.kerenphotography.com\/site\/wp-content\/uploads\/2016\/01\/Boda-casa-de-Espa\u00f1a-weddings-San-Juan-16.jpg\" alt=\"Boda casa de Espa\u00f1a weddings San Juan -16\" width=\"960\" height=\"320\" src=\"data:image\/gif;base64,R0lGODlhAQABAAAAACH5BAEKAAEALAAAAAABAAEAAAICTAEAOw==\" style=\"--smush-placeholder-width: 960px; --smush-placeholder-aspect-ratio: 960\/320;\"><\/a><a href=\"http:\/\/www.kerenphotography.com\/site\/wp-content\/uploads\/2016\/01\/Boda-casa-de-Espa\u00f1a-weddings-San-Juan-18.jpg\"><img decoding=\"async\" class=\"aligncenter size-full wp-image-13209 lazyload\" data-src=\"http:\/\/www.kerenphotography.com\/site\/wp-content\/uploads\/2016\/01\/Boda-casa-de-Espa\u00f1a-weddings-San-Juan-18.jpg\" alt=\"Boda casa de Espa\u00f1a weddings San Juan -18\" width=\"960\" height=\"1436\" src=\"data:image\/gif;base64,R0lGODlhAQABAAAAACH5BAEKAAEALAAAAAABAAEAAAICTAEAOw==\" style=\"--smush-placeholder-width: 960px; --smush-placeholder-aspect-ratio: 960\/1436;\"><\/a><a href=\"http:\/\/www.kerenphotography.com\/site\/wp-content\/uploads\/2016\/01\/Boda-casa-de-Espa\u00f1a-weddings-San-Juan-19.jpg\"><img decoding=\"async\" class=\"aligncenter size-full wp-image-13210 lazyload\" data-src=\"http:\/\/www.kerenphotography.com\/site\/wp-content\/uploads\/2016\/01\/Boda-casa-de-Espa\u00f1a-weddings-San-Juan-19.jpg\" alt=\"Boda casa de Espa\u00f1a weddings San Juan -19\" width=\"960\" height=\"320\" src=\"data:image\/gif;base64,R0lGODlhAQABAAAAACH5BAEKAAEALAAAAAABAAEAAAICTAEAOw==\" style=\"--smush-placeholder-width: 960px; --smush-placeholder-aspect-ratio: 960\/320;\"><\/a><a href=\"http:\/\/www.kerenphotography.com\/site\/wp-content\/uploads\/2016\/01\/Boda-casa-de-Espa\u00f1a-weddings-San-Juan-20.jpg\"><img decoding=\"async\" class=\"aligncenter size-full wp-image-13211 lazyload\" data-src=\"http:\/\/www.kerenphotography.com\/site\/wp-content\/uploads\/2016\/01\/Boda-casa-de-Espa\u00f1a-weddings-San-Juan-20.jpg\" alt=\"Boda casa de Espa\u00f1a weddings San Juan -20\" width=\"960\" height=\"1173\" src=\"data:image\/gif;base64,R0lGODlhAQABAAAAACH5BAEKAAEALAAAAAABAAEAAAICTAEAOw==\" style=\"--smush-placeholder-width: 960px; --smush-placeholder-aspect-ratio: 960\/1173;\"><\/a><a href=\"http:\/\/www.kerenphotography.com\/site\/wp-content\/uploads\/2016\/01\/Boda-casa-de-Espa\u00f1a-weddings-San-Juan-21.jpg\"><img decoding=\"async\" class=\"aligncenter size-full wp-image-13212 lazyload\" data-src=\"http:\/\/www.kerenphotography.com\/site\/wp-content\/uploads\/2016\/01\/Boda-casa-de-Espa\u00f1a-weddings-San-Juan-21.jpg\" alt=\"Boda casa de Espa\u00f1a weddings San Juan -21\" width=\"960\" height=\"320\" src=\"data:image\/gif;base64,R0lGODlhAQABAAAAACH5BAEKAAEALAAAAAABAAEAAAICTAEAOw==\" style=\"--smush-placeholder-width: 960px; --smush-placeholder-aspect-ratio: 960\/320;\"><\/a><a href=\"http:\/\/www.kerenphotography.com\/site\/wp-content\/uploads\/2016\/01\/Boda-casa-de-Espa\u00f1a-weddings-San-Juan-22.jpg\"><img decoding=\"async\" class=\"aligncenter size-full wp-image-13213 lazyload\" data-src=\"http:\/\/www.kerenphotography.com\/site\/wp-content\/uploads\/2016\/01\/Boda-casa-de-Espa\u00f1a-weddings-San-Juan-22.jpg\" alt=\"Boda casa de Espa\u00f1a weddings San Juan -22\" width=\"960\" height=\"639\" src=\"data:image\/gif;base64,R0lGODlhAQABAAAAACH5BAEKAAEALAAAAAABAAEAAAICTAEAOw==\" style=\"--smush-placeholder-width: 960px; --smush-placeholder-aspect-ratio: 960\/639;\"><\/a><a href=\"http:\/\/www.kerenphotography.com\/site\/wp-content\/uploads\/2016\/01\/Boda-casa-de-Espa\u00f1a-weddings-San-Juan-23.jpg\"><img decoding=\"async\" class=\"aligncenter size-full wp-image-13214 lazyload\" data-src=\"http:\/\/www.kerenphotography.com\/site\/wp-content\/uploads\/2016\/01\/Boda-casa-de-Espa\u00f1a-weddings-San-Juan-23.jpg\" alt=\"Boda casa de Espa\u00f1a weddings San Juan -23\" width=\"960\" height=\"1525\" src=\"data:image\/gif;base64,R0lGODlhAQABAAAAACH5BAEKAAEALAAAAAABAAEAAAICTAEAOw==\" style=\"--smush-placeholder-width: 960px; --smush-placeholder-aspect-ratio: 960\/1525;\"><\/a><a href=\"http:\/\/www.kerenphotography.com\/site\/wp-content\/uploads\/2016\/01\/Boda-casa-de-Espa\u00f1a-weddings-San-Juan-24.jpg\"><img decoding=\"async\" class=\"aligncenter size-full wp-image-13215 lazyload\" data-src=\"http:\/\/www.kerenphotography.com\/site\/wp-content\/uploads\/2016\/01\/Boda-casa-de-Espa\u00f1a-weddings-San-Juan-24.jpg\" alt=\"Boda casa de Espa\u00f1a weddings San Juan -24\" width=\"960\" height=\"320\" src=\"data:image\/gif;base64,R0lGODlhAQABAAAAACH5BAEKAAEALAAAAAABAAEAAAICTAEAOw==\" style=\"--smush-placeholder-width: 960px; --smush-placeholder-aspect-ratio: 960\/320;\"><\/a><a href=\"http:\/\/www.kerenphotography.com\/site\/wp-content\/uploads\/2016\/01\/Boda-casa-de-Espa\u00f1a-weddings-San-Juan-25.jpg\"><img decoding=\"async\" class=\"aligncenter size-full wp-image-13216 lazyload\" data-src=\"http:\/\/www.kerenphotography.com\/site\/wp-content\/uploads\/2016\/01\/Boda-casa-de-Espa\u00f1a-weddings-San-Juan-25.jpg\" alt=\"Boda casa de Espa\u00f1a weddings San Juan -25\" width=\"960\" height=\"320\" src=\"data:image\/gif;base64,R0lGODlhAQABAAAAACH5BAEKAAEALAAAAAABAAEAAAICTAEAOw==\" style=\"--smush-placeholder-width: 960px; --smush-placeholder-aspect-ratio: 960\/320;\"><\/a><a href=\"http:\/\/www.kerenphotography.com\/site\/wp-content\/uploads\/2016\/01\/Boda-casa-de-Espa\u00f1a-weddings-San-Juan-26.jpg\"><img decoding=\"async\" class=\"aligncenter size-full wp-image-13217 lazyload\" data-src=\"http:\/\/www.kerenphotography.com\/site\/wp-content\/uploads\/2016\/01\/Boda-casa-de-Espa\u00f1a-weddings-San-Juan-26.jpg\" alt=\"Boda casa de Espa\u00f1a weddings San Juan -26\" width=\"960\" height=\"523\" src=\"data:image\/gif;base64,R0lGODlhAQABAAAAACH5BAEKAAEALAAAAAABAAEAAAICTAEAOw==\" style=\"--smush-placeholder-width: 960px; --smush-placeholder-aspect-ratio: 960\/523;\"><\/a><a href=\"http:\/\/www.kerenphotography.com\/site\/wp-content\/uploads\/2016\/01\/Boda-casa-de-Espa\u00f1a-weddings-San-Juan-27.jpg\"><img decoding=\"async\" class=\"aligncenter size-full wp-image-13218 lazyload\" data-src=\"http:\/\/www.kerenphotography.com\/site\/wp-content\/uploads\/2016\/01\/Boda-casa-de-Espa\u00f1a-weddings-San-Juan-27.jpg\" alt=\"Boda casa de Espa\u00f1a weddings San Juan -27\" width=\"960\" height=\"320\" src=\"data:image\/gif;base64,R0lGODlhAQABAAAAACH5BAEKAAEALAAAAAABAAEAAAICTAEAOw==\" style=\"--smush-placeholder-width: 960px; --smush-placeholder-aspect-ratio: 960\/320;\"><\/a><a href=\"http:\/\/www.kerenphotography.com\/site\/wp-content\/uploads\/2016\/01\/Boda-casa-de-Espa\u00f1a-weddings-San-Juan-28.jpg\"><img decoding=\"async\" class=\"aligncenter size-full wp-image-13219 lazyload\" data-src=\"http:\/\/www.kerenphotography.com\/site\/wp-content\/uploads\/2016\/01\/Boda-casa-de-Espa\u00f1a-weddings-San-Juan-28.jpg\" alt=\"Boda casa de Espa\u00f1a weddings San Juan -28\" width=\"960\" height=\"443\" src=\"data:image\/gif;base64,R0lGODlhAQABAAAAACH5BAEKAAEALAAAAAABAAEAAAICTAEAOw==\" style=\"--smush-placeholder-width: 960px; --smush-placeholder-aspect-ratio: 960\/443;\"><\/a><a href=\"http:\/\/www.kerenphotography.com\/site\/wp-content\/uploads\/2016\/01\/Boda-casa-de-Espa\u00f1a-weddings-San-Juan-30.jpg\"><img decoding=\"async\" class=\"aligncenter size-full wp-image-13221 lazyload\" data-src=\"http:\/\/www.kerenphotography.com\/site\/wp-content\/uploads\/2016\/01\/Boda-casa-de-Espa\u00f1a-weddings-San-Juan-30.jpg\" alt=\"Boda casa de Espa\u00f1a weddings San Juan -30\" width=\"960\" height=\"803\" src=\"data:image\/gif;base64,R0lGODlhAQABAAAAACH5BAEKAAEALAAAAAABAAEAAAICTAEAOw==\" style=\"--smush-placeholder-width: 960px; --smush-placeholder-aspect-ratio: 960\/803;\"><\/a><a href=\"http:\/\/www.kerenphotography.com\/site\/wp-content\/uploads\/2016\/01\/Boda-casa-de-Espa\u00f1a-weddings-San-Juan-31.jpg\"><img decoding=\"async\" class=\"aligncenter size-full wp-image-13222 lazyload\" data-src=\"http:\/\/www.kerenphotography.com\/site\/wp-content\/uploads\/2016\/01\/Boda-casa-de-Espa\u00f1a-weddings-San-Juan-31.jpg\" alt=\"Boda casa de Espa\u00f1a weddings San Juan -31\" width=\"960\" height=\"639\" src=\"data:image\/gif;base64,R0lGODlhAQABAAAAACH5BAEKAAEALAAAAAABAAEAAAICTAEAOw==\" style=\"--smush-placeholder-width: 960px; --smush-placeholder-aspect-ratio: 960\/639;\"><\/a><a href=\"http:\/\/www.kerenphotography.com\/site\/wp-content\/uploads\/2016\/01\/Boda-casa-de-Espa\u00f1a-weddings-San-Juan-32.jpg\"><img decoding=\"async\" class=\"aligncenter size-full wp-image-13223 lazyload\" data-src=\"http:\/\/www.kerenphotography.com\/site\/wp-content\/uploads\/2016\/01\/Boda-casa-de-Espa\u00f1a-weddings-San-Juan-32.jpg\" alt=\"Boda casa de Espa\u00f1a weddings San Juan -32\" width=\"960\" height=\"639\" src=\"data:image\/gif;base64,R0lGODlhAQABAAAAACH5BAEKAAEALAAAAAABAAEAAAICTAEAOw==\" style=\"--smush-placeholder-width: 960px; --smush-placeholder-aspect-ratio: 960\/639;\"><\/a><a href=\"http:\/\/www.kerenphotography.com\/site\/wp-content\/uploads\/2016\/01\/Boda-casa-de-Espa\u00f1a-weddings-San-Juan-33.jpg\"><img decoding=\"async\" class=\"aligncenter size-full wp-image-13224 lazyload\" data-src=\"http:\/\/www.kerenphotography.com\/site\/wp-content\/uploads\/2016\/01\/Boda-casa-de-Espa\u00f1a-weddings-San-Juan-33.jpg\" alt=\"Boda casa de Espa\u00f1a weddings San Juan -33\" width=\"960\" height=\"582\" src=\"data:image\/gif;base64,R0lGODlhAQABAAAAACH5BAEKAAEALAAAAAABAAEAAAICTAEAOw==\" style=\"--smush-placeholder-width: 960px; --smush-placeholder-aspect-ratio: 960\/582;\"><\/a><a href=\"http:\/\/www.kerenphotography.com\/site\/wp-content\/uploads\/2016\/01\/Boda-casa-de-Espa\u00f1a-weddings-San-Juan-34.jpg\"><img decoding=\"async\" class=\"aligncenter size-full wp-image-13225 lazyload\" data-src=\"http:\/\/www.kerenphotography.com\/site\/wp-content\/uploads\/2016\/01\/Boda-casa-de-Espa\u00f1a-weddings-San-Juan-34.jpg\" alt=\"Boda casa de Espa\u00f1a weddings San Juan -34\" width=\"960\" height=\"639\" src=\"data:image\/gif;base64,R0lGODlhAQABAAAAACH5BAEKAAEALAAAAAABAAEAAAICTAEAOw==\" style=\"--smush-placeholder-width: 960px; --smush-placeholder-aspect-ratio: 960\/639;\"><\/a><a href=\"http:\/\/www.kerenphotography.com\/site\/wp-content\/uploads\/2016\/01\/Boda-casa-de-Espa\u00f1a-weddings-San-Juan-35.jpg\"><img decoding=\"async\" class=\"aligncenter size-full wp-image-13226 lazyload\" data-src=\"http:\/\/www.kerenphotography.com\/site\/wp-content\/uploads\/2016\/01\/Boda-casa-de-Espa\u00f1a-weddings-San-Juan-35.jpg\" alt=\"Boda casa de Espa\u00f1a weddings San Juan -35\" width=\"960\" height=\"640\" src=\"data:image\/gif;base64,R0lGODlhAQABAAAAACH5BAEKAAEALAAAAAABAAEAAAICTAEAOw==\" style=\"--smush-placeholder-width: 960px; --smush-placeholder-aspect-ratio: 960\/640;\"><\/a><a href=\"http:\/\/www.kerenphotography.com\/site\/wp-content\/uploads\/2016\/01\/Boda-casa-de-Espa\u00f1a-weddings-San-Juan-36.jpg\"><img decoding=\"async\" class=\"aligncenter size-full wp-image-13227 lazyload\" data-src=\"http:\/\/www.kerenphotography.com\/site\/wp-content\/uploads\/2016\/01\/Boda-casa-de-Espa\u00f1a-weddings-San-Juan-36.jpg\" alt=\"Boda casa de Espa\u00f1a weddings San Juan -36\" width=\"960\" height=\"763\" src=\"data:image\/gif;base64,R0lGODlhAQABAAAAACH5BAEKAAEALAAAAAABAAEAAAICTAEAOw==\" style=\"--smush-placeholder-width: 960px; --smush-placeholder-aspect-ratio: 960\/763;\"><\/a><a href=\"http:\/\/www.kerenphotography.com\/site\/wp-content\/uploads\/2016\/01\/Boda-casa-de-Espa\u00f1a-weddings-San-Juan-37.jpg\"><img decoding=\"async\" class=\"aligncenter size-full wp-image-13228 lazyload\" data-src=\"http:\/\/www.kerenphotography.com\/site\/wp-content\/uploads\/2016\/01\/Boda-casa-de-Espa\u00f1a-weddings-San-Juan-37.jpg\" alt=\"Boda casa de Espa\u00f1a weddings San Juan -37\" width=\"960\" height=\"639\" src=\"data:image\/gif;base64,R0lGODlhAQABAAAAACH5BAEKAAEALAAAAAABAAEAAAICTAEAOw==\" style=\"--smush-placeholder-width: 960px; --smush-placeholder-aspect-ratio: 960\/639;\"><\/a><a href=\"http:\/\/www.kerenphotography.com\/site\/wp-content\/uploads\/2016\/01\/Boda-casa-de-Espa\u00f1a-weddings-San-Juan-38.jpg\"><img decoding=\"async\" class=\"aligncenter size-full wp-image-13229 lazyload\" data-src=\"http:\/\/www.kerenphotography.com\/site\/wp-content\/uploads\/2016\/01\/Boda-casa-de-Espa\u00f1a-weddings-San-Juan-38.jpg\" alt=\"Boda casa de Espa\u00f1a weddings San Juan -38\" width=\"960\" height=\"639\" src=\"data:image\/gif;base64,R0lGODlhAQABAAAAACH5BAEKAAEALAAAAAABAAEAAAICTAEAOw==\" style=\"--smush-placeholder-width: 960px; --smush-placeholder-aspect-ratio: 960\/639;\"><\/a><a href=\"http:\/\/www.kerenphotography.com\/site\/wp-content\/uploads\/2016\/01\/Boda-casa-de-Espa\u00f1a-weddings-San-Juan-39.jpg\"><img decoding=\"async\" class=\"aligncenter size-full wp-image-13230 lazyload\" data-src=\"http:\/\/www.kerenphotography.com\/site\/wp-content\/uploads\/2016\/01\/Boda-casa-de-Espa\u00f1a-weddings-San-Juan-39.jpg\" alt=\"Boda casa de Espa\u00f1a weddings San Juan -39\" width=\"960\" height=\"639\" src=\"data:image\/gif;base64,R0lGODlhAQABAAAAACH5BAEKAAEALAAAAAABAAEAAAICTAEAOw==\" style=\"--smush-placeholder-width: 960px; --smush-placeholder-aspect-ratio: 960\/639;\"><\/a><a href=\"http:\/\/www.kerenphotography.com\/site\/wp-content\/uploads\/2016\/01\/Boda-casa-de-Espa\u00f1a-weddings-San-Juan-40.jpg\"><img decoding=\"async\" class=\"aligncenter size-full wp-image-13231 lazyload\" data-src=\"http:\/\/www.kerenphotography.com\/site\/wp-content\/uploads\/2016\/01\/Boda-casa-de-Espa\u00f1a-weddings-San-Juan-40.jpg\" alt=\"Boda casa de Espa\u00f1a weddings San Juan -40\" width=\"960\" height=\"640\" src=\"data:image\/gif;base64,R0lGODlhAQABAAAAACH5BAEKAAEALAAAAAABAAEAAAICTAEAOw==\" style=\"--smush-placeholder-width: 960px; --smush-placeholder-aspect-ratio: 960\/640;\"><\/a><a href=\"http:\/\/www.kerenphotography.com\/site\/wp-content\/uploads\/2016\/01\/Boda-casa-de-Espa\u00f1a-weddings-San-Juan-41.jpg\"><img decoding=\"async\" class=\"aligncenter wp-image-13232 lazyload\" data-src=\"http:\/\/www.kerenphotography.com\/site\/wp-content\/uploads\/2016\/01\/Boda-casa-de-Espa\u00f1a-weddings-San-Juan-41.jpg\" alt=\"Boda casa de Espa\u00f1a weddings San Juan -41\" width=\"960\" height=\"639\" src=\"data:image\/gif;base64,R0lGODlhAQABAAAAACH5BAEKAAEALAAAAAABAAEAAAICTAEAOw==\" style=\"--smush-placeholder-width: 960px; --smush-placeholder-aspect-ratio: 960\/639;\"><\/a><\/p>\n<p>&nbsp;<\/p>\n<p>&nbsp;<\/p>\n<p>&nbsp;<\/p>\n<p>&nbsp;<\/p>\n<p>&nbsp;<\/p>\n<p>&nbsp;<\/p>\n","protected":false},"excerpt":{"rendered":"<p>Hermosa Boda en &nbsp;Casa de Espa\u00f1a Todas las Bodas son hermosas, siempre digo que cuando dos personas est\u00e1n enamoradas se les nota y eso fue lo que presenciamos en el hermoso Casa de Espa\u00f1a. Dancarlys y Mario son una pareja muy especial para mi, casualmente los conoc\u00ed en Plaza las Am\u00e9ricas cuando les presentaba mi [&hellip;]<\/p>\n","protected":false},"author":1,"featured_media":15277,"comment_status":"open","ping_status":"open","sticky":false,"template":"","format":"standard","meta":{"footnotes":""},"categories":[2],"tags":[],"class_list":["post-13192","post","type-post","status-publish","format-standard","has-post-thumbnail","hentry","category-bodas"],"_links":{"self":[{"href":"https:\/\/kerenphotography.com\/inicio\/wp-json\/wp\/v2\/posts\/13192","targetHints":{"allow":["GET"]}}],"collection":[{"href":"https:\/\/kerenphotography.com\/inicio\/wp-json\/wp\/v2\/posts"}],"about":[{"href":"https:\/\/kerenphotography.com\/inicio\/wp-json\/wp\/v2\/types\/post"}],"author":[{"embeddable":true,"href":"https:\/\/kerenphotography.com\/inicio\/wp-json\/wp\/v2\/users\/1"}],"replies":[{"embeddable":true,"href":"https:\/\/kerenphotography.com\/inicio\/wp-json\/wp\/v2\/comments?post=13192"}],"version-history":[{"count":1,"href":"https:\/\/kerenphotography.com\/inicio\/wp-json\/wp\/v2\/posts\/13192\/revisions"}],"predecessor-version":[{"id":15279,"href":"https:\/\/kerenphotography.com\/inicio\/wp-json\/wp\/v2\/posts\/13192\/revisions\/15279"}],"wp:featuredmedia":[{"embeddable":true,"href":"https:\/\/kerenphotography.com\/inicio\/wp-json\/wp\/v2\/media\/15277"}],"wp:attachment":[{"href":"https:\/\/kerenphotography.com\/inicio\/wp-json\/wp\/v2\/media?parent=13192"}],"wp:term":[{"taxonomy":"category","embeddable":true,"href":"https:\/\/kerenphotography.com\/inicio\/wp-json\/wp\/v2\/categories?post=13192"},{"taxonomy":"post_tag","embeddable":true,"href":"https:\/\/kerenphotography.com\/inicio\/wp-json\/wp\/v2\/tags?post=13192"}],"curies":[{"name":"wp","href":"https:\/\/api.w.org\/{rel}","templated":true}]}}