{"id":13183,"date":"2015-09-21T21:44:48","date_gmt":"2015-09-22T01:44:48","guid":{"rendered":"http:\/\/www.kerenphotography.com\/site\/?p=13183"},"modified":"2020-04-10T02:04:21","modified_gmt":"2020-04-10T02:04:21","slug":"entrevista-a-keren-photography-2","status":"publish","type":"post","link":"https:\/\/kerenphotography.com\/inicio\/entrevista-a-keren-photography-2\/","title":{"rendered":"Entrevista a Keren Photography"},"content":{"rendered":"<p style=\"text-align: left;\">&nbsp;&nbsp;&nbsp; Que lindo se siente ver nuestro trabajo as\u00ed!&nbsp; Aqu\u00ed comparto un poquito de mi pasi\u00f3n hacia la Fotograf\u00eda de Bodas!!&nbsp; Gracias a la Revista MIBODA por la entrevista!&nbsp; \ud83d\ude42<\/p>\n\n","protected":false},"excerpt":{"rendered":"<p>&nbsp;&nbsp;&nbsp; Que lindo se siente ver nuestro trabajo as\u00ed!&nbsp; Aqu\u00ed comparto un poquito de mi pasi\u00f3n hacia la Fotograf\u00eda de Bodas!!&nbsp; Gracias a la Revista MIBODA por la entrevista!&nbsp; \ud83d\ude42<\/p>\n","protected":false},"author":1,"featured_media":15276,"comment_status":"open","ping_status":"open","sticky":false,"template":"","format":"standard","meta":{"footnotes":""},"categories":[1],"tags":[],"class_list":["post-13183","post","type-post","status-publish","format-standard","has-post-thumbnail","hentry","category-uncategorized"],"_links":{"self":[{"href":"https:\/\/kerenphotography.com\/inicio\/wp-json\/wp\/v2\/posts\/13183","targetHints":{"allow":["GET"]}}],"collection":[{"href":"https:\/\/kerenphotography.com\/inicio\/wp-json\/wp\/v2\/posts"}],"about":[{"href":"https:\/\/kerenphotography.com\/inicio\/wp-json\/wp\/v2\/types\/post"}],"author":[{"embeddable":true,"href":"https:\/\/kerenphotography.com\/inicio\/wp-json\/wp\/v2\/users\/1"}],"replies":[{"embeddable":true,"href":"https:\/\/kerenphotography.com\/inicio\/wp-json\/wp\/v2\/comments?post=13183"}],"version-history":[{"count":1,"href":"https:\/\/kerenphotography.com\/inicio\/wp-json\/wp\/v2\/posts\/13183\/revisions"}],"predecessor-version":[{"id":15278,"href":"https:\/\/kerenphotography.com\/inicio\/wp-json\/wp\/v2\/posts\/13183\/revisions\/15278"}],"wp:featuredmedia":[{"embeddable":true,"href":"https:\/\/kerenphotography.com\/inicio\/wp-json\/wp\/v2\/media\/15276"}],"wp:attachment":[{"href":"https:\/\/kerenphotography.com\/inicio\/wp-json\/wp\/v2\/media?parent=13183"}],"wp:term":[{"taxonomy":"category","embeddable":true,"href":"https:\/\/kerenphotography.com\/inicio\/wp-json\/wp\/v2\/categories?post=13183"},{"taxonomy":"post_tag","embeddable":true,"href":"https:\/\/kerenphotography.com\/inicio\/wp-json\/wp\/v2\/tags?post=13183"}],"curies":[{"name":"wp","href":"https:\/\/api.w.org\/{rel}","templated":true}]}}