{"id":12888,"date":"2015-09-21T21:13:15","date_gmt":"2015-09-22T01:13:15","guid":{"rendered":"http:\/\/www.kerenphotography.com\/site\/?p=12888"},"modified":"2020-04-10T02:02:58","modified_gmt":"2020-04-10T02:02:58","slug":"elegante-boda-en-el-hotel-san-juan-viviana-chris","status":"publish","type":"post","link":"https:\/\/kerenphotography.com\/inicio\/elegante-boda-en-el-hotel-san-juan-viviana-chris\/","title":{"rendered":"Elegante Boda en el Hotel San Juan... Viviana &#038; Chris"},"content":{"rendered":"<p style=\"text-align: left;\">Viviana y Chris<\/p>\n<p style=\"text-align: left;\">&nbsp;&nbsp;&nbsp;&nbsp;&nbsp;&nbsp; Si te gustan las bodas elegantes y llenas de&nbsp;emoci\u00f3n te encantar\u00e1 ver las fotos de la Boda de Viviana y Chris.&nbsp;&nbsp;Documentar una boda con cada detalle es mi meta as\u00ed los novios podr\u00e1n recordar cada momento al ver su \u00e1lbum de bodas.&nbsp;&nbsp;Esta hermosa Boda&nbsp;estuvo&nbsp;en manos&nbsp;de la Coordinadora de Eventos Viviane Fortu\u00f1o.&nbsp; La ceremonia se celebr\u00f3 en la Iglesia Esp\u00edritu Santo.&nbsp; Ame cada mirada y cada sonrisa que en complicidad se daban el uno al otro.&nbsp; Mientras que sus familiares y amigos disfrutaban desde sus bancas cada momento de la emotiva ceremonia.&nbsp; Luego nos trasladamos al Ballroom del Hotel San Juan decorado hermosamente por N\u00e9stor H. L\u00f3pez&nbsp;de Acanthus.&nbsp;&nbsp; Que les puedo decir una noche llena de romance y sorpresas para esta hermosa pareja!!!&nbsp; Que vivan los novios!!&nbsp;&nbsp; Espero que se disfruten las fotos tanto como yo disfrute tomar cada una.<\/p>\n<p style=\"text-align: left;\">Gracias por leerme y disfrutar cada boda junto a mi!!!!&nbsp; Besos \ud83d\ude09<\/p>\n<p style=\"text-align: left;\">Keren<\/p>\n<p style=\"text-align: left;\">Coordinaci\u00f3n: Viviane Fortu\u00f1o<\/p>\n<p style=\"text-align: left;\">Decoraci\u00f3n: Acanthus<\/p>\n<p style=\"text-align: left;\">Iglesia: Esp\u00edritu Santo<\/p>\n<p style=\"text-align: left;\">Venue: Ballroom Hotel San Juan<\/p>\n<p style=\"text-align: left;\">Fot\u00f3s: Keren Photography<\/p>\n<p style=\"text-align: left;\">Segunda C\u00e1mara: Rafael Sotomayor para Keren Photography<\/p>\n\n<p>Keren Photography, Puerto Rico, Bodas en Puerto Rico, Decoraci\u00f3n para Bodas, Detalles de Bodas, Destination wedding photography, Luxury weddings, Details, rings, San Juan, Hotel San Juan, Bodas, eventos, Fot\u00f3grafia, flores, wedding photographer, fot\u00f3grafo de bodas.<\/p>\n","protected":false},"excerpt":{"rendered":"<p>Viviana y Chris &nbsp;&nbsp;&nbsp;&nbsp;&nbsp;&nbsp; Si te gustan las bodas elegantes y llenas de&nbsp;emoci\u00f3n te encantar\u00e1 ver las fotos de la Boda de Viviana y Chris.&nbsp;&nbsp;Documentar una boda con cada detalle es mi meta as\u00ed los novios podr\u00e1n recordar cada momento al ver su \u00e1lbum de bodas.&nbsp;&nbsp;Esta hermosa Boda&nbsp;estuvo&nbsp;en manos&nbsp;de la Coordinadora de Eventos Viviane Fortu\u00f1o.&nbsp; [&hellip;]<\/p>\n","protected":false},"author":1,"featured_media":15273,"comment_status":"open","ping_status":"open","sticky":false,"template":"","format":"standard","meta":{"footnotes":""},"categories":[2,1],"tags":[],"class_list":["post-12888","post","type-post","status-publish","format-standard","has-post-thumbnail","hentry","category-bodas","category-uncategorized"],"_links":{"self":[{"href":"https:\/\/kerenphotography.com\/inicio\/wp-json\/wp\/v2\/posts\/12888","targetHints":{"allow":["GET"]}}],"collection":[{"href":"https:\/\/kerenphotography.com\/inicio\/wp-json\/wp\/v2\/posts"}],"about":[{"href":"https:\/\/kerenphotography.com\/inicio\/wp-json\/wp\/v2\/types\/post"}],"author":[{"embeddable":true,"href":"https:\/\/kerenphotography.com\/inicio\/wp-json\/wp\/v2\/users\/1"}],"replies":[{"embeddable":true,"href":"https:\/\/kerenphotography.com\/inicio\/wp-json\/wp\/v2\/comments?post=12888"}],"version-history":[{"count":1,"href":"https:\/\/kerenphotography.com\/inicio\/wp-json\/wp\/v2\/posts\/12888\/revisions"}],"predecessor-version":[{"id":15274,"href":"https:\/\/kerenphotography.com\/inicio\/wp-json\/wp\/v2\/posts\/12888\/revisions\/15274"}],"wp:featuredmedia":[{"embeddable":true,"href":"https:\/\/kerenphotography.com\/inicio\/wp-json\/wp\/v2\/media\/15273"}],"wp:attachment":[{"href":"https:\/\/kerenphotography.com\/inicio\/wp-json\/wp\/v2\/media?parent=12888"}],"wp:term":[{"taxonomy":"category","embeddable":true,"href":"https:\/\/kerenphotography.com\/inicio\/wp-json\/wp\/v2\/categories?post=12888"},{"taxonomy":"post_tag","embeddable":true,"href":"https:\/\/kerenphotography.com\/inicio\/wp-json\/wp\/v2\/tags?post=12888"}],"curies":[{"name":"wp","href":"https:\/\/api.w.org\/{rel}","templated":true}]}}