{"id":12290,"date":"2015-07-28T09:46:36","date_gmt":"2015-07-28T13:46:36","guid":{"rendered":"http:\/\/www.kerenphotography.com\/site\/?p=12290"},"modified":"2020-04-10T02:01:34","modified_gmt":"2020-04-10T02:01:34","slug":"alexandra-lucas","status":"publish","type":"post","link":"https:\/\/kerenphotography.com\/inicio\/alexandra-lucas\/","title":{"rendered":"Alexandra &#038; Lucas"},"content":{"rendered":"<p>Alexandra I. \u00c1lvarez Fuentes &amp; Lucas Brian Elliott<\/p>\n<p>Venue: Casa de Espa\u00f1a<\/p>\n<p>Coordinaci\u00f3n: Yaska Crespo<\/p>\n<p>Decoraci\u00f3n: Akua<\/p>\n<p>Fotos: Keren Photography<\/p>\n<p>Video: Elliott Charles<\/p>\n<p>M\u00fasica: Sin Prisa<\/p>\n<p>Bizcocho: CM Cakes<\/p>\n<p>La hermosa tarde del s\u00e1bado, 7 de febrero de 2015, y con la poderosa bendici\u00f3n de Dios, Alexandra Ivette \u00c1lvarez Fuentes y Lucas Brian Elliott unieron sus vidas y coraz\u00f3n en matrimonio. La emotiva ceremonia se celebr\u00f3 en el Patio Andaluz del hist\u00f3rico edificio de la Casa de Espa\u00f1a en San Juan, acompa\u00f1ados por sus amados padres, familiares y amigos. El alegre momento fue seguido por el c\u00f3ctel, ambos acompa\u00f1ados por el conjunto de cuerdas <strong>Violines Galanterien<\/strong>. La recepci\u00f3n fue llevada a cabo en el Sal\u00f3n de los Espejos, el cual fue totalmente transformado con una espectacular ambientaci\u00f3n de ensue\u00f1o por la exclusiva firma de decoraci\u00f3n <strong>AKUA<\/strong>. Luego del protocolo, los invitados disfrutaron de la cena por Bon App\u00e9tit y festejaron al son de la reconocida banda <strong>Sin Prisa<\/strong>. La madre de la novia, la Sra. Sonia Fuentes Soto, sorprendi\u00f3 a los novios con el grupo <strong>Yuvi Plena<\/strong>, junto a zanqueros y cabezudos, energizando a\u00fan m\u00e1s la gran alegr\u00eda de la fiesta. El bizcocho fue una exquisita pieza de arte confeccionado por <strong>C+M Cakes<\/strong>. Traje de la novia por Allure Bridal. Fotos de <strong>Keren Photography<\/strong>. Video por <strong>Charles Presentations Videography<\/strong>. La coordinaci\u00f3n estuvo en manos de Yaska Crespo. Los esposos se despidieron de sus invitados bajo un t\u00fanel de luces chispeantes, mientras felices se dec\u00edan adi\u00f3s con una gran sonrisa y un dulce beso.<\/p>\n<p>&nbsp;<\/p>\n<p>&nbsp;<\/p>\n\n<p>&nbsp;<\/p>\n<p>&nbsp;<\/p>\n\n\n","protected":false},"excerpt":{"rendered":"<p>Alexandra I. \u00c1lvarez Fuentes &amp; Lucas Brian Elliott Venue: Casa de Espa\u00f1a Coordinaci\u00f3n: Yaska Crespo Decoraci\u00f3n: Akua Fotos: Keren Photography Video: Elliott Charles M\u00fasica: Sin Prisa Bizcocho: CM Cakes La hermosa tarde del s\u00e1bado, 7 de febrero de 2015, y con la poderosa bendici\u00f3n de Dios, Alexandra Ivette \u00c1lvarez Fuentes y Lucas Brian Elliott unieron [&hellip;]<\/p>\n","protected":false},"author":1,"featured_media":15270,"comment_status":"open","ping_status":"open","sticky":false,"template":"","format":"standard","meta":{"footnotes":""},"categories":[2,1],"tags":[],"class_list":["post-12290","post","type-post","status-publish","format-standard","has-post-thumbnail","hentry","category-bodas","category-uncategorized"],"_links":{"self":[{"href":"https:\/\/kerenphotography.com\/inicio\/wp-json\/wp\/v2\/posts\/12290","targetHints":{"allow":["GET"]}}],"collection":[{"href":"https:\/\/kerenphotography.com\/inicio\/wp-json\/wp\/v2\/posts"}],"about":[{"href":"https:\/\/kerenphotography.com\/inicio\/wp-json\/wp\/v2\/types\/post"}],"author":[{"embeddable":true,"href":"https:\/\/kerenphotography.com\/inicio\/wp-json\/wp\/v2\/users\/1"}],"replies":[{"embeddable":true,"href":"https:\/\/kerenphotography.com\/inicio\/wp-json\/wp\/v2\/comments?post=12290"}],"version-history":[{"count":1,"href":"https:\/\/kerenphotography.com\/inicio\/wp-json\/wp\/v2\/posts\/12290\/revisions"}],"predecessor-version":[{"id":15271,"href":"https:\/\/kerenphotography.com\/inicio\/wp-json\/wp\/v2\/posts\/12290\/revisions\/15271"}],"wp:featuredmedia":[{"embeddable":true,"href":"https:\/\/kerenphotography.com\/inicio\/wp-json\/wp\/v2\/media\/15270"}],"wp:attachment":[{"href":"https:\/\/kerenphotography.com\/inicio\/wp-json\/wp\/v2\/media?parent=12290"}],"wp:term":[{"taxonomy":"category","embeddable":true,"href":"https:\/\/kerenphotography.com\/inicio\/wp-json\/wp\/v2\/categories?post=12290"},{"taxonomy":"post_tag","embeddable":true,"href":"https:\/\/kerenphotography.com\/inicio\/wp-json\/wp\/v2\/tags?post=12290"}],"curies":[{"name":"wp","href":"https:\/\/api.w.org\/{rel}","templated":true}]}}