{"id":12235,"date":"2015-05-12T10:36:55","date_gmt":"2015-05-12T14:36:55","guid":{"rendered":"http:\/\/www.kerenphotography.com\/site\/?p=12235"},"modified":"2020-04-10T02:01:34","modified_gmt":"2020-04-10T02:01:34","slug":"terrysa-travis","status":"publish","type":"post","link":"https:\/\/kerenphotography.com\/inicio\/terrysa-travis\/","title":{"rendered":"Terrysa &#038; Travis"},"content":{"rendered":"<p>En una tarde perfecta Terrysa y Travis se tenian el uno al otro.&nbsp; Sus miradas nerviosas los delataban tomando en cuenta que la ceremonia era s\u00f3lo para ellos.&nbsp; El cielo azul insenso, el sol y algunos espectadores curiosos fueron testigos de la uni\u00f3n de estos j\u00f3venes que viajaron a Puerto Rico para su Boda de Destino.&nbsp; Les puedo decir que ellos tuvieron su boda perfecta...&nbsp; Espero que disfruten algunas fotos tanto como yo disfrut\u00e9 hacerlas!<\/p>\n<p>Coordinaci\u00f3n:&nbsp; Tatiana Ramos<\/p>\n<p>Maquillaje y Peinado:&nbsp; Miguel Alexan<\/p>\n<p>Ramo:&nbsp; Dreamers<\/p>\n<p>Fotos:&nbsp; Keren Photography<\/p>\n\n<p>&nbsp;<\/p>\n","protected":false},"excerpt":{"rendered":"<p>En una tarde perfecta Terrysa y Travis se tenian el uno al otro.&nbsp; Sus miradas nerviosas los delataban tomando en cuenta que la ceremonia era s\u00f3lo para ellos.&nbsp; El cielo azul insenso, el sol y algunos espectadores curiosos fueron testigos de la uni\u00f3n de estos j\u00f3venes que viajaron a Puerto Rico para su Boda de [&hellip;]<\/p>\n","protected":false},"author":1,"featured_media":15268,"comment_status":"open","ping_status":"open","sticky":false,"template":"","format":"standard","meta":{"footnotes":""},"categories":[2,1],"tags":[],"class_list":["post-12235","post","type-post","status-publish","format-standard","has-post-thumbnail","hentry","category-bodas","category-uncategorized"],"_links":{"self":[{"href":"https:\/\/kerenphotography.com\/inicio\/wp-json\/wp\/v2\/posts\/12235","targetHints":{"allow":["GET"]}}],"collection":[{"href":"https:\/\/kerenphotography.com\/inicio\/wp-json\/wp\/v2\/posts"}],"about":[{"href":"https:\/\/kerenphotography.com\/inicio\/wp-json\/wp\/v2\/types\/post"}],"author":[{"embeddable":true,"href":"https:\/\/kerenphotography.com\/inicio\/wp-json\/wp\/v2\/users\/1"}],"replies":[{"embeddable":true,"href":"https:\/\/kerenphotography.com\/inicio\/wp-json\/wp\/v2\/comments?post=12235"}],"version-history":[{"count":1,"href":"https:\/\/kerenphotography.com\/inicio\/wp-json\/wp\/v2\/posts\/12235\/revisions"}],"predecessor-version":[{"id":15269,"href":"https:\/\/kerenphotography.com\/inicio\/wp-json\/wp\/v2\/posts\/12235\/revisions\/15269"}],"wp:featuredmedia":[{"embeddable":true,"href":"https:\/\/kerenphotography.com\/inicio\/wp-json\/wp\/v2\/media\/15268"}],"wp:attachment":[{"href":"https:\/\/kerenphotography.com\/inicio\/wp-json\/wp\/v2\/media?parent=12235"}],"wp:term":[{"taxonomy":"category","embeddable":true,"href":"https:\/\/kerenphotography.com\/inicio\/wp-json\/wp\/v2\/categories?post=12235"},{"taxonomy":"post_tag","embeddable":true,"href":"https:\/\/kerenphotography.com\/inicio\/wp-json\/wp\/v2\/tags?post=12235"}],"curies":[{"name":"wp","href":"https:\/\/api.w.org\/{rel}","templated":true}]}}