{"id":12044,"date":"2015-03-29T22:12:23","date_gmt":"2015-03-30T02:12:23","guid":{"rendered":"http:\/\/www.kerenphotography.com\/site\/?p=12044"},"modified":"2020-04-10T01:38:08","modified_gmt":"2020-04-10T01:38:08","slug":"xiomara-y-xavier","status":"publish","type":"post","link":"https:\/\/kerenphotography.com\/inicio\/xiomara-y-xavier\/","title":{"rendered":"Xiomara y Xavier"},"content":{"rendered":"<p>Xiomara y Xavier<\/p>\n<p>En una tarde hermosa en Casa Ol\u00edmpica se prometieron amor Xiomara y Xavier frente a familiares y amigos!&nbsp; Les comparto algunas de sus hermosas fotos!&nbsp; Espero las disfruten!<\/p>\n<p>Coordinacion: Ana Agosto<\/p>\n<p>Decoraci\u00f3n: Gadiel Valent\u00edn<\/p>\n<p>Bizcocho: CM Cakes<\/p>\n<p>Venue: Casa Ol\u00edmpica<\/p>\n<p>Fotos: Keren Photography<\/p>\n\n","protected":false},"excerpt":{"rendered":"<p>Xiomara y Xavier En una tarde hermosa en Casa Ol\u00edmpica se prometieron amor Xiomara y Xavier frente a familiares y amigos!&nbsp; Les comparto algunas de sus hermosas fotos!&nbsp; Espero las disfruten! Coordinacion: Ana Agosto Decoraci\u00f3n: Gadiel Valent\u00edn Bizcocho: CM Cakes Venue: Casa Ol\u00edmpica Fotos: Keren Photography<\/p>\n","protected":false},"author":1,"featured_media":15253,"comment_status":"open","ping_status":"open","sticky":false,"template":"","format":"standard","meta":{"footnotes":""},"categories":[2,1],"tags":[],"class_list":["post-12044","post","type-post","status-publish","format-standard","has-post-thumbnail","hentry","category-bodas","category-uncategorized"],"_links":{"self":[{"href":"https:\/\/kerenphotography.com\/inicio\/wp-json\/wp\/v2\/posts\/12044","targetHints":{"allow":["GET"]}}],"collection":[{"href":"https:\/\/kerenphotography.com\/inicio\/wp-json\/wp\/v2\/posts"}],"about":[{"href":"https:\/\/kerenphotography.com\/inicio\/wp-json\/wp\/v2\/types\/post"}],"author":[{"embeddable":true,"href":"https:\/\/kerenphotography.com\/inicio\/wp-json\/wp\/v2\/users\/1"}],"replies":[{"embeddable":true,"href":"https:\/\/kerenphotography.com\/inicio\/wp-json\/wp\/v2\/comments?post=12044"}],"version-history":[{"count":1,"href":"https:\/\/kerenphotography.com\/inicio\/wp-json\/wp\/v2\/posts\/12044\/revisions"}],"predecessor-version":[{"id":15254,"href":"https:\/\/kerenphotography.com\/inicio\/wp-json\/wp\/v2\/posts\/12044\/revisions\/15254"}],"wp:featuredmedia":[{"embeddable":true,"href":"https:\/\/kerenphotography.com\/inicio\/wp-json\/wp\/v2\/media\/15253"}],"wp:attachment":[{"href":"https:\/\/kerenphotography.com\/inicio\/wp-json\/wp\/v2\/media?parent=12044"}],"wp:term":[{"taxonomy":"category","embeddable":true,"href":"https:\/\/kerenphotography.com\/inicio\/wp-json\/wp\/v2\/categories?post=12044"},{"taxonomy":"post_tag","embeddable":true,"href":"https:\/\/kerenphotography.com\/inicio\/wp-json\/wp\/v2\/tags?post=12044"}],"curies":[{"name":"wp","href":"https:\/\/api.w.org\/{rel}","templated":true}]}}