{"id":11397,"date":"2014-09-22T12:19:21","date_gmt":"2014-09-22T16:19:21","guid":{"rendered":"http:\/\/www.kerenphotography.com\/site\/?p=11397"},"modified":"2020-04-10T01:46:55","modified_gmt":"2020-04-10T01:46:55","slug":"11397-2","status":"publish","type":"post","link":"https:\/\/kerenphotography.com\/inicio\/11397-2\/","title":{"rendered":"Pamela espera su primer beb\u00e9!"},"content":{"rendered":"<p>Tuve\u00a0el honor\u00a0de tomar las fotos de\u00a0la boda de Pamela y\u00a0 Javier hace casi dos a\u00f1os atr\u00e1s.\u00a0Qu\u00e9 emoci\u00f3n sent\u00ed cuando me llamaron para que tomara sus fotos de embarazada!! \u00a0 Pronto ellos tendr\u00e1n a Jayden en brazos pero jamas olvidar\u00e1n lo hermoso de su espera.\u00a0 Comparto con ustedes algunas fotos de su sesi\u00f3n!!<\/p>\n<p><a href=\"http:\/\/www.kerenphotography.com\/site\/wp-content\/uploads\/2014\/09\/IMG_03531.jpg\">\u00a0<\/a><\/p>\n\n","protected":false},"excerpt":{"rendered":"<p>Tuve\u00a0el honor\u00a0de tomar las fotos de\u00a0la boda de Pamela y\u00a0 Javier hace casi dos a\u00f1os atr\u00e1s.\u00a0Qu\u00e9 emoci\u00f3n sent\u00ed cuando me llamaron para que tomara sus fotos de embarazada!! \u00a0 Pronto ellos tendr\u00e1n a Jayden en brazos pero jamas olvidar\u00e1n lo hermoso de su espera.\u00a0 Comparto con ustedes algunas fotos de su sesi\u00f3n!! \u00a0<\/p>\n","protected":false},"author":1,"featured_media":15259,"comment_status":"open","ping_status":"open","sticky":false,"template":"","format":"standard","meta":{"footnotes":""},"categories":[1],"tags":[],"class_list":["post-11397","post","type-post","status-publish","format-standard","has-post-thumbnail","hentry","category-uncategorized"],"_links":{"self":[{"href":"https:\/\/kerenphotography.com\/inicio\/wp-json\/wp\/v2\/posts\/11397","targetHints":{"allow":["GET"]}}],"collection":[{"href":"https:\/\/kerenphotography.com\/inicio\/wp-json\/wp\/v2\/posts"}],"about":[{"href":"https:\/\/kerenphotography.com\/inicio\/wp-json\/wp\/v2\/types\/post"}],"author":[{"embeddable":true,"href":"https:\/\/kerenphotography.com\/inicio\/wp-json\/wp\/v2\/users\/1"}],"replies":[{"embeddable":true,"href":"https:\/\/kerenphotography.com\/inicio\/wp-json\/wp\/v2\/comments?post=11397"}],"version-history":[{"count":1,"href":"https:\/\/kerenphotography.com\/inicio\/wp-json\/wp\/v2\/posts\/11397\/revisions"}],"predecessor-version":[{"id":15260,"href":"https:\/\/kerenphotography.com\/inicio\/wp-json\/wp\/v2\/posts\/11397\/revisions\/15260"}],"wp:featuredmedia":[{"embeddable":true,"href":"https:\/\/kerenphotography.com\/inicio\/wp-json\/wp\/v2\/media\/15259"}],"wp:attachment":[{"href":"https:\/\/kerenphotography.com\/inicio\/wp-json\/wp\/v2\/media?parent=11397"}],"wp:term":[{"taxonomy":"category","embeddable":true,"href":"https:\/\/kerenphotography.com\/inicio\/wp-json\/wp\/v2\/categories?post=11397"},{"taxonomy":"post_tag","embeddable":true,"href":"https:\/\/kerenphotography.com\/inicio\/wp-json\/wp\/v2\/tags?post=11397"}],"curies":[{"name":"wp","href":"https:\/\/api.w.org\/{rel}","templated":true}]}}