{"id":11392,"date":"2014-09-13T10:16:33","date_gmt":"2014-09-13T14:16:33","guid":{"rendered":"http:\/\/www.kerenphotography.com\/site\/?p=11392"},"modified":"2020-04-10T01:42:36","modified_gmt":"2020-04-10T01:42:36","slug":"la-hermosa-maternidad","status":"publish","type":"post","link":"https:\/\/kerenphotography.com\/inicio\/la-hermosa-maternidad\/","title":{"rendered":"La Hermosa Maternidad"},"content":{"rendered":"<p><em>Belinda<\/em><\/p>\n<p>\"El momento en que conozcas ese milagro,<br \/>\nser\u00e1, sin dudas, el momento de tu vida.<br \/>\nEse momento que todos anhelamos.<br \/>\nEse momento de la felicidad perfecta\".<\/p>\n<p>\"Tu cuerpo es ahora el hogar de tu beb\u00e9.<br \/>\nEse cuerpo se prepar\u00f3<br \/>\ndesde tu propia gestaci\u00f3n<br \/>\npara este momento\".<\/p>\n\n","protected":false},"excerpt":{"rendered":"<p>Belinda \"El momento en que conozcas ese milagro, ser\u00e1, sin dudas, el momento de tu vida. Ese momento que todos anhelamos. Ese momento de la felicidad perfecta\". \"Tu cuerpo es ahora el hogar de tu beb\u00e9. Ese cuerpo se prepar\u00f3 desde tu propia gestaci\u00f3n para este momento\".<\/p>\n","protected":false},"author":1,"featured_media":15257,"comment_status":"open","ping_status":"open","sticky":false,"template":"","format":"standard","meta":{"footnotes":""},"categories":[1],"tags":[],"class_list":["post-11392","post","type-post","status-publish","format-standard","has-post-thumbnail","hentry","category-uncategorized"],"_links":{"self":[{"href":"https:\/\/kerenphotography.com\/inicio\/wp-json\/wp\/v2\/posts\/11392","targetHints":{"allow":["GET"]}}],"collection":[{"href":"https:\/\/kerenphotography.com\/inicio\/wp-json\/wp\/v2\/posts"}],"about":[{"href":"https:\/\/kerenphotography.com\/inicio\/wp-json\/wp\/v2\/types\/post"}],"author":[{"embeddable":true,"href":"https:\/\/kerenphotography.com\/inicio\/wp-json\/wp\/v2\/users\/1"}],"replies":[{"embeddable":true,"href":"https:\/\/kerenphotography.com\/inicio\/wp-json\/wp\/v2\/comments?post=11392"}],"version-history":[{"count":1,"href":"https:\/\/kerenphotography.com\/inicio\/wp-json\/wp\/v2\/posts\/11392\/revisions"}],"predecessor-version":[{"id":15258,"href":"https:\/\/kerenphotography.com\/inicio\/wp-json\/wp\/v2\/posts\/11392\/revisions\/15258"}],"wp:featuredmedia":[{"embeddable":true,"href":"https:\/\/kerenphotography.com\/inicio\/wp-json\/wp\/v2\/media\/15257"}],"wp:attachment":[{"href":"https:\/\/kerenphotography.com\/inicio\/wp-json\/wp\/v2\/media?parent=11392"}],"wp:term":[{"taxonomy":"category","embeddable":true,"href":"https:\/\/kerenphotography.com\/inicio\/wp-json\/wp\/v2\/categories?post=11392"},{"taxonomy":"post_tag","embeddable":true,"href":"https:\/\/kerenphotography.com\/inicio\/wp-json\/wp\/v2\/tags?post=11392"}],"curies":[{"name":"wp","href":"https:\/\/api.w.org\/{rel}","templated":true}]}}