{"id":11352,"date":"2014-09-12T09:41:25","date_gmt":"2014-09-12T13:41:25","guid":{"rendered":"http:\/\/www.kerenphotography.com\/site\/?p=11352"},"modified":"2020-04-10T01:41:16","modified_gmt":"2020-04-10T01:41:16","slug":"melanie-william-2","status":"publish","type":"post","link":"https:\/\/kerenphotography.com\/inicio\/melanie-william-2\/","title":{"rendered":"Melanie &#038; William"},"content":{"rendered":"<p><a href=\"http:\/\/www.kerenphotography.com\/site\/wp-content\/uploads\/2014\/09\/IMG_0118-2.jpg\">&nbsp;<\/a><\/p>\n<p>El pasado 7 de junio de 2014 el Dr. William A. D\u00e1vila Gonz\u00e1lez y la Dra. Melanie Rodr\u00edguez&nbsp;Carri\u00f3n unieron sus vidas en sagrado matrimonio delante de Dios sus familiares y amigos. Una emotiva y rom\u00e1ntica ceremonia se di\u00f3 a lugar en el Ocean Pool Terrace del hotel La Concha en Condado. Entre orqu\u00eddeas, fuentes iluminadas y candelabros, la elegante decoraci\u00f3n estuvo a cargo de su gran amigo el dise\u00f1ador de eventos Rafael Lecumberri. La coordinaci\u00f3n mantuvo perfecto un\u00edsono gracias al equipo de trabajo de GS Coordination. Mientras los invitados disfrutaban de la animaci\u00f3n de la m\u00fasica de Sin Prisa y el grupo Pandero. Todos estos bellos momentos fueron capturados por el lente m\u00e1gico de Keren Rodr\u00edguez Concepci\u00f3n de Keren Photography.<\/p>\n\n","protected":false},"excerpt":{"rendered":"<p>&nbsp; El pasado 7 de junio de 2014 el Dr. William A. D\u00e1vila Gonz\u00e1lez y la Dra. Melanie Rodr\u00edguez&nbsp;Carri\u00f3n unieron sus vidas en sagrado matrimonio delante de Dios sus familiares y amigos. Una emotiva y rom\u00e1ntica ceremonia se di\u00f3 a lugar en el Ocean Pool Terrace del hotel La Concha en Condado. Entre orqu\u00eddeas, fuentes [&hellip;]<\/p>\n","protected":false},"author":1,"featured_media":15255,"comment_status":"open","ping_status":"open","sticky":false,"template":"","format":"standard","meta":{"footnotes":""},"categories":[2,1],"tags":[],"class_list":["post-11352","post","type-post","status-publish","format-standard","has-post-thumbnail","hentry","category-bodas","category-uncategorized"],"_links":{"self":[{"href":"https:\/\/kerenphotography.com\/inicio\/wp-json\/wp\/v2\/posts\/11352","targetHints":{"allow":["GET"]}}],"collection":[{"href":"https:\/\/kerenphotography.com\/inicio\/wp-json\/wp\/v2\/posts"}],"about":[{"href":"https:\/\/kerenphotography.com\/inicio\/wp-json\/wp\/v2\/types\/post"}],"author":[{"embeddable":true,"href":"https:\/\/kerenphotography.com\/inicio\/wp-json\/wp\/v2\/users\/1"}],"replies":[{"embeddable":true,"href":"https:\/\/kerenphotography.com\/inicio\/wp-json\/wp\/v2\/comments?post=11352"}],"version-history":[{"count":1,"href":"https:\/\/kerenphotography.com\/inicio\/wp-json\/wp\/v2\/posts\/11352\/revisions"}],"predecessor-version":[{"id":15256,"href":"https:\/\/kerenphotography.com\/inicio\/wp-json\/wp\/v2\/posts\/11352\/revisions\/15256"}],"wp:featuredmedia":[{"embeddable":true,"href":"https:\/\/kerenphotography.com\/inicio\/wp-json\/wp\/v2\/media\/15255"}],"wp:attachment":[{"href":"https:\/\/kerenphotography.com\/inicio\/wp-json\/wp\/v2\/media?parent=11352"}],"wp:term":[{"taxonomy":"category","embeddable":true,"href":"https:\/\/kerenphotography.com\/inicio\/wp-json\/wp\/v2\/categories?post=11352"},{"taxonomy":"post_tag","embeddable":true,"href":"https:\/\/kerenphotography.com\/inicio\/wp-json\/wp\/v2\/tags?post=11352"}],"curies":[{"name":"wp","href":"https:\/\/api.w.org\/{rel}","templated":true}]}}